{"id":3383,"date":"2025-09-30T10:23:53","date_gmt":"2025-09-30T09:23:53","guid":{"rendered":"https:\/\/aecolos.edu.gov.pt\/?p=3383"},"modified":"2025-09-30T10:23:53","modified_gmt":"2025-09-30T09:23:53","slug":"celebracao-do-dia-europeu-das-linguas","status":"publish","type":"post","link":"https:\/\/aecolos.edu.gov.pt\/?p=3383","title":{"rendered":"Celebra\u00e7\u00e3o do Dia Europeu das L\u00ednguas"},"content":{"rendered":"<div class=\"wp-block-image\">\n<figure class=\"aligncenter size-large is-resized\"><img loading=\"lazy\" decoding=\"async\" width=\"724\" height=\"1024\" src=\"https:\/\/aecolos.edu.gov.pt\/wp-content\/uploads\/2025\/09\/Cartaz_Speak-Dating_2025_jpeg-724x1024.jpg\" alt=\"\" class=\"wp-image-3393\" style=\"width:300px\" srcset=\"https:\/\/aecolos.edu.gov.pt\/wp-content\/uploads\/2025\/09\/Cartaz_Speak-Dating_2025_jpeg-724x1024.jpg 724w, https:\/\/aecolos.edu.gov.pt\/wp-content\/uploads\/2025\/09\/Cartaz_Speak-Dating_2025_jpeg-212x300.jpg 212w, https:\/\/aecolos.edu.gov.pt\/wp-content\/uploads\/2025\/09\/Cartaz_Speak-Dating_2025_jpeg-768x1086.jpg 768w, https:\/\/aecolos.edu.gov.pt\/wp-content\/uploads\/2025\/09\/Cartaz_Speak-Dating_2025_jpeg-1086x1536.jpg 1086w, https:\/\/aecolos.edu.gov.pt\/wp-content\/uploads\/2025\/09\/Cartaz_Speak-Dating_2025_jpeg-1448x2048.jpg 1448w, https:\/\/aecolos.edu.gov.pt\/wp-content\/uploads\/2025\/09\/Cartaz_Speak-Dating_2025_jpeg-200x283.jpg 200w, https:\/\/aecolos.edu.gov.pt\/wp-content\/uploads\/2025\/09\/Cartaz_Speak-Dating_2025_jpeg-1320x1867.jpg 1320w, https:\/\/aecolos.edu.gov.pt\/wp-content\/uploads\/2025\/09\/Cartaz_Speak-Dating_2025_jpeg-scaled.jpg 1810w\" sizes=\"auto, (max-width: 724px) 100vw, 724px\" \/><\/figure>\n<\/div>\n\n\n<p class=\"has-text-align-center\">No dia 26 de setembro, celebramos o Dia Europeu das L\u00ednguas com um &#8220;Speak Date&#8221;, na BE. Alunos volunt\u00e1rios do 8\u00baA e tamb\u00e9m alguns alunos do 9\u00baA, 7\u00baA e 8\u00baB disponibilizaram 15 minutos da sua hora de almo\u00e7o para partilharem as suas l\u00ednguas maternas e outras l\u00ednguas estrangeiras. Alem\u00e3o, Franc\u00eas, Italiano, Hebraico, Nepal\u00eas, \u00c1rabe, foram as l\u00ednguas faladas neste &#8220;Speak Date&#8221;. A partilha de conhecimento foi din\u00e2mica e divertida.<\/p>\n\n\n\n<p class=\"has-text-align-center\">Viva a diversidade lingu\u00edstica da nossa escola!<\/p>\n\n\n\n<p class=\"has-text-align-center\"> (Prof. Teresa Te\u00f3filo)<\/p>\n\n\n\n<figure class=\"wp-block-gallery has-nested-images columns-default is-cropped wp-block-gallery-1 is-layout-flex wp-block-gallery-is-layout-flex\">\n<figure class=\"wp-block-image size-large\"><img loading=\"lazy\" decoding=\"async\" width=\"1024\" height=\"771\" data-id=\"3389\" src=\"https:\/\/aecolos.edu.gov.pt\/wp-content\/uploads\/2025\/09\/1000019995-1024x771.jpg\" alt=\"\" class=\"wp-image-3389\" srcset=\"https:\/\/aecolos.edu.gov.pt\/wp-content\/uploads\/2025\/09\/1000019995-1024x771.jpg 1024w, https:\/\/aecolos.edu.gov.pt\/wp-content\/uploads\/2025\/09\/1000019995-300x226.jpg 300w, https:\/\/aecolos.edu.gov.pt\/wp-content\/uploads\/2025\/09\/1000019995-768x578.jpg 768w, https:\/\/aecolos.edu.gov.pt\/wp-content\/uploads\/2025\/09\/1000019995-1536x1157.jpg 1536w, https:\/\/aecolos.edu.gov.pt\/wp-content\/uploads\/2025\/09\/1000019995-200x151.jpg 200w, https:\/\/aecolos.edu.gov.pt\/wp-content\/uploads\/2025\/09\/1000019995-1320x994.jpg 1320w, https:\/\/aecolos.edu.gov.pt\/wp-content\/uploads\/2025\/09\/1000019995.jpg 2040w\" sizes=\"auto, (max-width: 1024px) 100vw, 1024px\" \/><\/figure>\n\n\n\n<figure class=\"wp-block-image size-large\"><img loading=\"lazy\" decoding=\"async\" width=\"1024\" height=\"771\" data-id=\"3385\" src=\"https:\/\/aecolos.edu.gov.pt\/wp-content\/uploads\/2025\/09\/1000019994-1024x771.jpg\" alt=\"\" class=\"wp-image-3385\" srcset=\"https:\/\/aecolos.edu.gov.pt\/wp-content\/uploads\/2025\/09\/1000019994-1024x771.jpg 1024w, https:\/\/aecolos.edu.gov.pt\/wp-content\/uploads\/2025\/09\/1000019994-300x226.jpg 300w, https:\/\/aecolos.edu.gov.pt\/wp-content\/uploads\/2025\/09\/1000019994-768x578.jpg 768w, https:\/\/aecolos.edu.gov.pt\/wp-content\/uploads\/2025\/09\/1000019994-1536x1157.jpg 1536w, https:\/\/aecolos.edu.gov.pt\/wp-content\/uploads\/2025\/09\/1000019994-200x151.jpg 200w, https:\/\/aecolos.edu.gov.pt\/wp-content\/uploads\/2025\/09\/1000019994-1320x994.jpg 1320w, https:\/\/aecolos.edu.gov.pt\/wp-content\/uploads\/2025\/09\/1000019994.jpg 2040w\" sizes=\"auto, (max-width: 1024px) 100vw, 1024px\" \/><\/figure>\n\n\n\n<figure class=\"wp-block-image size-large\"><img loading=\"lazy\" decoding=\"async\" width=\"1024\" height=\"771\" data-id=\"3390\" src=\"https:\/\/aecolos.edu.gov.pt\/wp-content\/uploads\/2025\/09\/1000019997-1024x771.jpg\" alt=\"\" class=\"wp-image-3390\" srcset=\"https:\/\/aecolos.edu.gov.pt\/wp-content\/uploads\/2025\/09\/1000019997-1024x771.jpg 1024w, https:\/\/aecolos.edu.gov.pt\/wp-content\/uploads\/2025\/09\/1000019997-300x226.jpg 300w, https:\/\/aecolos.edu.gov.pt\/wp-content\/uploads\/2025\/09\/1000019997-768x578.jpg 768w, https:\/\/aecolos.edu.gov.pt\/wp-content\/uploads\/2025\/09\/1000019997-1536x1157.jpg 1536w, https:\/\/aecolos.edu.gov.pt\/wp-content\/uploads\/2025\/09\/1000019997-200x151.jpg 200w, https:\/\/aecolos.edu.gov.pt\/wp-content\/uploads\/2025\/09\/1000019997-1320x994.jpg 1320w, https:\/\/aecolos.edu.gov.pt\/wp-content\/uploads\/2025\/09\/1000019997.jpg 2040w\" sizes=\"auto, (max-width: 1024px) 100vw, 1024px\" \/><\/figure>\n\n\n\n<figure class=\"wp-block-image size-large\"><img loading=\"lazy\" decoding=\"async\" width=\"771\" height=\"1024\" data-id=\"3386\" src=\"https:\/\/aecolos.edu.gov.pt\/wp-content\/uploads\/2025\/09\/1000019991-771x1024.jpg\" alt=\"\" class=\"wp-image-3386\" srcset=\"https:\/\/aecolos.edu.gov.pt\/wp-content\/uploads\/2025\/09\/1000019991-771x1024.jpg 771w, https:\/\/aecolos.edu.gov.pt\/wp-content\/uploads\/2025\/09\/1000019991-226x300.jpg 226w, https:\/\/aecolos.edu.gov.pt\/wp-content\/uploads\/2025\/09\/1000019991-768x1020.jpg 768w, https:\/\/aecolos.edu.gov.pt\/wp-content\/uploads\/2025\/09\/1000019991-1157x1536.jpg 1157w, https:\/\/aecolos.edu.gov.pt\/wp-content\/uploads\/2025\/09\/1000019991-200x266.jpg 200w, https:\/\/aecolos.edu.gov.pt\/wp-content\/uploads\/2025\/09\/1000019991-1320x1753.jpg 1320w, https:\/\/aecolos.edu.gov.pt\/wp-content\/uploads\/2025\/09\/1000019991.jpg 1536w\" sizes=\"auto, (max-width: 771px) 100vw, 771px\" \/><\/figure>\n\n\n\n<figure class=\"wp-block-image size-large\"><img loading=\"lazy\" decoding=\"async\" width=\"1024\" height=\"771\" data-id=\"3391\" src=\"https:\/\/aecolos.edu.gov.pt\/wp-content\/uploads\/2025\/09\/1000019996-1024x771.jpg\" alt=\"\" class=\"wp-image-3391\" srcset=\"https:\/\/aecolos.edu.gov.pt\/wp-content\/uploads\/2025\/09\/1000019996-1024x771.jpg 1024w, https:\/\/aecolos.edu.gov.pt\/wp-content\/uploads\/2025\/09\/1000019996-300x226.jpg 300w, https:\/\/aecolos.edu.gov.pt\/wp-content\/uploads\/2025\/09\/1000019996-768x578.jpg 768w, https:\/\/aecolos.edu.gov.pt\/wp-content\/uploads\/2025\/09\/1000019996-1536x1157.jpg 1536w, https:\/\/aecolos.edu.gov.pt\/wp-content\/uploads\/2025\/09\/1000019996-200x151.jpg 200w, https:\/\/aecolos.edu.gov.pt\/wp-content\/uploads\/2025\/09\/1000019996-1320x994.jpg 1320w, https:\/\/aecolos.edu.gov.pt\/wp-content\/uploads\/2025\/09\/1000019996.jpg 2040w\" sizes=\"auto, (max-width: 1024px) 100vw, 1024px\" \/><\/figure>\n\n\n\n<figure class=\"wp-block-image size-large\"><img loading=\"lazy\" decoding=\"async\" width=\"771\" height=\"1024\" data-id=\"3384\" src=\"https:\/\/aecolos.edu.gov.pt\/wp-content\/uploads\/2025\/09\/1000019986-771x1024.jpg\" alt=\"\" class=\"wp-image-3384\" srcset=\"https:\/\/aecolos.edu.gov.pt\/wp-content\/uploads\/2025\/09\/1000019986-771x1024.jpg 771w, https:\/\/aecolos.edu.gov.pt\/wp-content\/uploads\/2025\/09\/1000019986-226x300.jpg 226w, https:\/\/aecolos.edu.gov.pt\/wp-content\/uploads\/2025\/09\/1000019986-768x1020.jpg 768w, https:\/\/aecolos.edu.gov.pt\/wp-content\/uploads\/2025\/09\/1000019986-1157x1536.jpg 1157w, https:\/\/aecolos.edu.gov.pt\/wp-content\/uploads\/2025\/09\/1000019986-200x266.jpg 200w, https:\/\/aecolos.edu.gov.pt\/wp-content\/uploads\/2025\/09\/1000019986-1320x1753.jpg 1320w, https:\/\/aecolos.edu.gov.pt\/wp-content\/uploads\/2025\/09\/1000019986.jpg 1536w\" sizes=\"auto, (max-width: 771px) 100vw, 771px\" \/><\/figure>\n\n\n\n<figure class=\"wp-block-image size-large\"><img loading=\"lazy\" decoding=\"async\" width=\"771\" height=\"1024\" data-id=\"3388\" src=\"https:\/\/aecolos.edu.gov.pt\/wp-content\/uploads\/2025\/09\/1000019987-771x1024.jpg\" alt=\"\" class=\"wp-image-3388\" srcset=\"https:\/\/aecolos.edu.gov.pt\/wp-content\/uploads\/2025\/09\/1000019987-771x1024.jpg 771w, https:\/\/aecolos.edu.gov.pt\/wp-content\/uploads\/2025\/09\/1000019987-226x300.jpg 226w, https:\/\/aecolos.edu.gov.pt\/wp-content\/uploads\/2025\/09\/1000019987-768x1020.jpg 768w, https:\/\/aecolos.edu.gov.pt\/wp-content\/uploads\/2025\/09\/1000019987-1157x1536.jpg 1157w, https:\/\/aecolos.edu.gov.pt\/wp-content\/uploads\/2025\/09\/1000019987-200x266.jpg 200w, https:\/\/aecolos.edu.gov.pt\/wp-content\/uploads\/2025\/09\/1000019987-1320x1753.jpg 1320w, https:\/\/aecolos.edu.gov.pt\/wp-content\/uploads\/2025\/09\/1000019987.jpg 1536w\" sizes=\"auto, (max-width: 771px) 100vw, 771px\" \/><\/figure>\n\n\n\n<figure class=\"wp-block-image size-large\"><img loading=\"lazy\" decoding=\"async\" width=\"771\" height=\"1024\" data-id=\"3387\" src=\"https:\/\/aecolos.edu.gov.pt\/wp-content\/uploads\/2025\/09\/1000019988-771x1024.jpg\" alt=\"\" class=\"wp-image-3387\" srcset=\"https:\/\/aecolos.edu.gov.pt\/wp-content\/uploads\/2025\/09\/1000019988-771x1024.jpg 771w, https:\/\/aecolos.edu.gov.pt\/wp-content\/uploads\/2025\/09\/1000019988-226x300.jpg 226w, https:\/\/aecolos.edu.gov.pt\/wp-content\/uploads\/2025\/09\/1000019988-768x1020.jpg 768w, https:\/\/aecolos.edu.gov.pt\/wp-content\/uploads\/2025\/09\/1000019988-1157x1536.jpg 1157w, https:\/\/aecolos.edu.gov.pt\/wp-content\/uploads\/2025\/09\/1000019988-200x266.jpg 200w, https:\/\/aecolos.edu.gov.pt\/wp-content\/uploads\/2025\/09\/1000019988-1320x1753.jpg 1320w, https:\/\/aecolos.edu.gov.pt\/wp-content\/uploads\/2025\/09\/1000019988.jpg 1536w\" sizes=\"auto, (max-width: 771px) 100vw, 771px\" \/><\/figure>\n\n\n\n<figure class=\"wp-block-image size-large\"><img loading=\"lazy\" decoding=\"async\" width=\"771\" height=\"1024\" data-id=\"3392\" src=\"https:\/\/aecolos.edu.gov.pt\/wp-content\/uploads\/2025\/09\/1000019993-771x1024.jpg\" alt=\"\" class=\"wp-image-3392\" srcset=\"https:\/\/aecolos.edu.gov.pt\/wp-content\/uploads\/2025\/09\/1000019993-771x1024.jpg 771w, https:\/\/aecolos.edu.gov.pt\/wp-content\/uploads\/2025\/09\/1000019993-226x300.jpg 226w, https:\/\/aecolos.edu.gov.pt\/wp-content\/uploads\/2025\/09\/1000019993-768x1020.jpg 768w, https:\/\/aecolos.edu.gov.pt\/wp-content\/uploads\/2025\/09\/1000019993-1157x1536.jpg 1157w, https:\/\/aecolos.edu.gov.pt\/wp-content\/uploads\/2025\/09\/1000019993-200x266.jpg 200w, https:\/\/aecolos.edu.gov.pt\/wp-content\/uploads\/2025\/09\/1000019993-1320x1753.jpg 1320w, https:\/\/aecolos.edu.gov.pt\/wp-content\/uploads\/2025\/09\/1000019993.jpg 1536w\" sizes=\"auto, (max-width: 771px) 100vw, 771px\" \/><\/figure>\n<\/figure>\n","protected":false},"excerpt":{"rendered":"<p>No dia 26 de setembro, celebramos o Dia Europeu das L\u00ednguas com um &#8220;Speak Date&#8221;, na BE. Alunos volunt\u00e1rios do 8\u00baA e tamb\u00e9m alguns alunos do 9\u00baA, 7\u00baA e 8\u00baB &#8230;<\/p>\n","protected":false},"author":3,"featured_media":3393,"comment_status":"open","ping_status":"open","sticky":false,"template":"","format":"standard","meta":{"pgc_sgb_lightbox_settings":"","footnotes":""},"categories":[48],"tags":[67,70],"class_list":["post-3383","post","type-post","status-publish","format-standard","has-post-thumbnail","hentry","category-atividades","tag-1o-ceb","tag-2o-ceb"],"_links":{"self":[{"href":"https:\/\/aecolos.edu.gov.pt\/index.php?rest_route=\/wp\/v2\/posts\/3383","targetHints":{"allow":["GET"]}}],"collection":[{"href":"https:\/\/aecolos.edu.gov.pt\/index.php?rest_route=\/wp\/v2\/posts"}],"about":[{"href":"https:\/\/aecolos.edu.gov.pt\/index.php?rest_route=\/wp\/v2\/types\/post"}],"author":[{"embeddable":true,"href":"https:\/\/aecolos.edu.gov.pt\/index.php?rest_route=\/wp\/v2\/users\/3"}],"replies":[{"embeddable":true,"href":"https:\/\/aecolos.edu.gov.pt\/index.php?rest_route=%2Fwp%2Fv2%2Fcomments&post=3383"}],"version-history":[{"count":2,"href":"https:\/\/aecolos.edu.gov.pt\/index.php?rest_route=\/wp\/v2\/posts\/3383\/revisions"}],"predecessor-version":[{"id":3395,"href":"https:\/\/aecolos.edu.gov.pt\/index.php?rest_route=\/wp\/v2\/posts\/3383\/revisions\/3395"}],"wp:featuredmedia":[{"embeddable":true,"href":"https:\/\/aecolos.edu.gov.pt\/index.php?rest_route=\/wp\/v2\/media\/3393"}],"wp:attachment":[{"href":"https:\/\/aecolos.edu.gov.pt\/index.php?rest_route=%2Fwp%2Fv2%2Fmedia&parent=3383"}],"wp:term":[{"taxonomy":"category","embeddable":true,"href":"https:\/\/aecolos.edu.gov.pt\/index.php?rest_route=%2Fwp%2Fv2%2Fcategories&post=3383"},{"taxonomy":"post_tag","embeddable":true,"href":"https:\/\/aecolos.edu.gov.pt\/index.php?rest_route=%2Fwp%2Fv2%2Ftags&post=3383"}],"curies":[{"name":"wp","href":"https:\/\/api.w.org\/{rel}","templated":true}]}}