{"id":3163,"date":"2025-06-25T09:44:36","date_gmt":"2025-06-25T08:44:36","guid":{"rendered":"https:\/\/aecolos.edu.gov.pt\/?p=3163"},"modified":"2025-06-25T09:44:36","modified_gmt":"2025-06-25T08:44:36","slug":"acantonamento-do-agrupamento-de-escolas-de-colos","status":"publish","type":"post","link":"https:\/\/aecolos.edu.gov.pt\/?p=3163","title":{"rendered":"Acantonamento do Agrupamento de Escolas de Colos"},"content":{"rendered":"\n<p>No passado dia 20 e 21 de Junho realizou-se o t\u00e3o esperado Acantonamento do Agrupamento de Escolas de Colos, este ano contou com a participa\u00e7\u00e3o do Jardim de Inf\u00e2ncia de S\u00e3o Martinho das Amoreiras e de Rel\u00edquias. Foram dois dias inesquec\u00edveis para as nossas crian\u00e7as e que certamente ficar\u00e3o guardados nas suas mem\u00f3rias! Para o ano l\u00e1 os esperamos para mais uma aventura!<\/p>\n\n\n\n<div style=\"height:100px\" aria-hidden=\"true\" class=\"wp-block-spacer\"><\/div>\n\n\n\n<figure class=\"wp-block-video\"><video height=\"480\" style=\"aspect-ratio: 848 \/ 480;\" width=\"848\" controls src=\"https:\/\/aecolos.edu.gov.pt\/wp-content\/uploads\/2025\/06\/Acantonamento.mp4\"><\/video><\/figure>\n","protected":false},"excerpt":{"rendered":"<p>No passado dia 20 e 21 de Junho realizou-se o t\u00e3o esperado Acantonamento do Agrupamento de Escolas de Colos, este ano contou com a participa\u00e7\u00e3o do Jardim de Inf\u00e2ncia de &#8230;<\/p>\n","protected":false},"author":1,"featured_media":3165,"comment_status":"open","ping_status":"open","sticky":false,"template":"","format":"standard","meta":{"pgc_sgb_lightbox_settings":"","footnotes":""},"categories":[48],"tags":[81,101,80],"class_list":["post-3163","post","type-post","status-publish","format-standard","has-post-thumbnail","hentry","category-atividades","tag-j-i-de-colos","tag-ji-reliquias","tag-ji-sao-martinho-das-amoreiras"],"_links":{"self":[{"href":"https:\/\/aecolos.edu.gov.pt\/index.php?rest_route=\/wp\/v2\/posts\/3163","targetHints":{"allow":["GET"]}}],"collection":[{"href":"https:\/\/aecolos.edu.gov.pt\/index.php?rest_route=\/wp\/v2\/posts"}],"about":[{"href":"https:\/\/aecolos.edu.gov.pt\/index.php?rest_route=\/wp\/v2\/types\/post"}],"author":[{"embeddable":true,"href":"https:\/\/aecolos.edu.gov.pt\/index.php?rest_route=\/wp\/v2\/users\/1"}],"replies":[{"embeddable":true,"href":"https:\/\/aecolos.edu.gov.pt\/index.php?rest_route=%2Fwp%2Fv2%2Fcomments&post=3163"}],"version-history":[{"count":1,"href":"https:\/\/aecolos.edu.gov.pt\/index.php?rest_route=\/wp\/v2\/posts\/3163\/revisions"}],"predecessor-version":[{"id":3166,"href":"https:\/\/aecolos.edu.gov.pt\/index.php?rest_route=\/wp\/v2\/posts\/3163\/revisions\/3166"}],"wp:featuredmedia":[{"embeddable":true,"href":"https:\/\/aecolos.edu.gov.pt\/index.php?rest_route=\/wp\/v2\/media\/3165"}],"wp:attachment":[{"href":"https:\/\/aecolos.edu.gov.pt\/index.php?rest_route=%2Fwp%2Fv2%2Fmedia&parent=3163"}],"wp:term":[{"taxonomy":"category","embeddable":true,"href":"https:\/\/aecolos.edu.gov.pt\/index.php?rest_route=%2Fwp%2Fv2%2Fcategories&post=3163"},{"taxonomy":"post_tag","embeddable":true,"href":"https:\/\/aecolos.edu.gov.pt\/index.php?rest_route=%2Fwp%2Fv2%2Ftags&post=3163"}],"curies":[{"name":"wp","href":"https:\/\/api.w.org\/{rel}","templated":true}]}}