{"id":3125,"date":"2025-06-03T09:22:53","date_gmt":"2025-06-03T08:22:53","guid":{"rendered":"https:\/\/aecolos.edu.gov.pt\/?p=3125"},"modified":"2025-06-03T09:22:53","modified_gmt":"2025-06-03T08:22:53","slug":"dia-do-agrupamento-em-sao-martinho-das-amoreiras","status":"publish","type":"post","link":"https:\/\/aecolos.edu.gov.pt\/?p=3125","title":{"rendered":"Dia do Agrupamento em S\u00e3o Martinho das Amoreiras"},"content":{"rendered":"\n<p>No passado dia 28 de Maio recebemos em S\u00e3o Martinho das Amoreiras todas as crian\u00e7as do 1.ciclo e pr\u00e9 escolar para celebrar o dia do agrupamento. Inici\u00e1mos o dia com uma caminhada pela aldeia, paragem para apreciar a paisagem e regist\u00e1-la, passagem pelo centro de viola campani\u00e7a onde fomos presenteados pelos professores de m\u00fasica com v\u00e1rias modas alentejanas, aula de zumba e um almo\u00e7o maravilhoso com gelado de sobremesa para refrescar. Foi um dia cheio de alegria e com muitas surpresas! Agradecer a todos os que colaboraram para que este dia fosse m\u00e1gico e um agradecimento especial \u00e0 junta de freguesia de S\u00e3o Martinho das Amoreiras na pessoa do Sr. Presidente Nuno Duarte!<\/p>\n\n\n\n<div style=\"height:100px\" aria-hidden=\"true\" class=\"wp-block-spacer\"><\/div>\n\n\n\n<figure class=\"wp-block-video\"><video height=\"480\" style=\"aspect-ratio: 848 \/ 480;\" width=\"848\" controls src=\"https:\/\/aecolos.edu.gov.pt\/wp-content\/uploads\/2025\/06\/Dia-do-Agrupamento-SMA.mp4\"><\/video><\/figure>\n","protected":false},"excerpt":{"rendered":"<p>No passado dia 28 de Maio recebemos em S\u00e3o Martinho das Amoreiras todas as crian\u00e7as do 1.ciclo e pr\u00e9 escolar para celebrar o dia do agrupamento. Inici\u00e1mos o dia com &#8230;<\/p>\n","protected":false},"author":1,"featured_media":3128,"comment_status":"open","ping_status":"open","sticky":false,"template":"","format":"standard","meta":{"pgc_sgb_lightbox_settings":"","footnotes":""},"categories":[48],"tags":[67,80],"class_list":["post-3125","post","type-post","status-publish","format-standard","has-post-thumbnail","hentry","category-atividades","tag-1o-ceb","tag-ji-sao-martinho-das-amoreiras"],"_links":{"self":[{"href":"https:\/\/aecolos.edu.gov.pt\/index.php?rest_route=\/wp\/v2\/posts\/3125","targetHints":{"allow":["GET"]}}],"collection":[{"href":"https:\/\/aecolos.edu.gov.pt\/index.php?rest_route=\/wp\/v2\/posts"}],"about":[{"href":"https:\/\/aecolos.edu.gov.pt\/index.php?rest_route=\/wp\/v2\/types\/post"}],"author":[{"embeddable":true,"href":"https:\/\/aecolos.edu.gov.pt\/index.php?rest_route=\/wp\/v2\/users\/1"}],"replies":[{"embeddable":true,"href":"https:\/\/aecolos.edu.gov.pt\/index.php?rest_route=%2Fwp%2Fv2%2Fcomments&post=3125"}],"version-history":[{"count":1,"href":"https:\/\/aecolos.edu.gov.pt\/index.php?rest_route=\/wp\/v2\/posts\/3125\/revisions"}],"predecessor-version":[{"id":3127,"href":"https:\/\/aecolos.edu.gov.pt\/index.php?rest_route=\/wp\/v2\/posts\/3125\/revisions\/3127"}],"wp:featuredmedia":[{"embeddable":true,"href":"https:\/\/aecolos.edu.gov.pt\/index.php?rest_route=\/wp\/v2\/media\/3128"}],"wp:attachment":[{"href":"https:\/\/aecolos.edu.gov.pt\/index.php?rest_route=%2Fwp%2Fv2%2Fmedia&parent=3125"}],"wp:term":[{"taxonomy":"category","embeddable":true,"href":"https:\/\/aecolos.edu.gov.pt\/index.php?rest_route=%2Fwp%2Fv2%2Fcategories&post=3125"},{"taxonomy":"post_tag","embeddable":true,"href":"https:\/\/aecolos.edu.gov.pt\/index.php?rest_route=%2Fwp%2Fv2%2Ftags&post=3125"}],"curies":[{"name":"wp","href":"https:\/\/api.w.org\/{rel}","templated":true}]}}