{"id":3002,"date":"2025-05-08T09:00:00","date_gmt":"2025-05-08T08:00:00","guid":{"rendered":"https:\/\/aecolos.edu.gov.pt\/?p=3002"},"modified":"2025-05-08T09:23:22","modified_gmt":"2025-05-08T08:23:22","slug":"odemira-a-ler","status":"publish","type":"post","link":"https:\/\/aecolos.edu.gov.pt\/?p=3002","title":{"rendered":"ODEMIRA A LER+"},"content":{"rendered":"\n<p><em>Tal como na edi\u00e7\u00e3o do ano anterior, os alunos de Colos tiveram uma excelente participa\u00e7\u00e3o na final do concurso concelhio ODEMIRA A LER+ que se realizou no dia 6 de maio no Cineteatro Camacho Costa, em Odemira.<\/em><\/p>\n\n\n\n<p><em>Os alunos do Agrupamento de Colos que foram selecionados no dia 19 de mar\u00e7o, na 2\u00aa eliminat\u00f3ria que decorreu na Biblioteca Escolar da Escola Aviador Brito Paes (a 1\u00aa decorreu nas salas de aula), obtiveram o 1\u00ba pr\u00e9mio nas seguintes categorias:<\/em><\/p>\n\n\n\n<p><em>1\u00ba ciclo \u2013&nbsp;<\/em><strong><em>Martim Alves<\/em><\/strong><em>&nbsp;(EB S\u00e3o Martinho das Amoreiras)<\/em><\/p>\n\n\n\n<p><em>2\u00ba ciclo \u2013&nbsp;<\/em><strong><em>Francisco Batista<\/em><\/strong><em>&nbsp;(EB Aviador Brito Paes)<\/em><\/p>\n\n\n\n<p><em>2\u00ba ciclo (PLNM) \u2013&nbsp;<\/em><strong><em>Aron Eckmann<\/em><\/strong><em>&nbsp;(EB Aviador Brito Paes)<\/em><\/p>\n\n\n\n<p><em>3\u00ba ciclo (PLNM) \u2013&nbsp;&nbsp;<\/em><strong><em>Anna Hashlag<\/em><\/strong><em>&nbsp;(EB Aviador Brito Paes)<\/em><\/p>\n\n\n\n<p><em>Nesta final, na qual participaram os alunos de todos os Agrupamentos do concelho de Odemira, os alunos do Agrupamento de Colos destacaram-se pelo excelente desempenho no dom\u00ednio da leitura de textos de Lu\u00eds de Cam\u00f5es, no ano em que se comemoram os 500 anos do nascimento deste autor.<\/em><\/p>\n\n\n\n<p><em>Parab\u00e9ns a todos os participantes e, em particular, aos alunos do nosso Agrupamento que foram premiados com vouchers no valor de 50 \u20ac, livros e outros brindes. A professora Manuela Guerreiro, que acompanhou os alunos do nosso Agrupamento, destacou o comportamento e a forma empenhada como todos representaram o Agrupamento de Colos. Para o ano h\u00e1 mais!<\/em>\u00a0<\/p>\n\n\n\n<p>Boas leituras!<\/p>\n\n\n\n<div style=\"height:50px\" aria-hidden=\"true\" class=\"wp-block-spacer\"><\/div>\n\n\n\n<figure class=\"wp-block-gallery has-nested-images columns-default is-cropped wp-block-gallery-1 is-layout-flex wp-block-gallery-is-layout-flex\">\n<figure class=\"wp-block-image size-large\"><img loading=\"lazy\" decoding=\"async\" width=\"768\" height=\"1024\" data-id=\"3004\" src=\"https:\/\/aecolos.edu.gov.pt\/wp-content\/uploads\/2025\/05\/IMG_4817-768x1024.jpg\" alt=\"\" class=\"wp-image-3004\" srcset=\"https:\/\/aecolos.edu.gov.pt\/wp-content\/uploads\/2025\/05\/IMG_4817-768x1024.jpg 768w, https:\/\/aecolos.edu.gov.pt\/wp-content\/uploads\/2025\/05\/IMG_4817-225x300.jpg 225w, https:\/\/aecolos.edu.gov.pt\/wp-content\/uploads\/2025\/05\/IMG_4817-1152x1536.jpg 1152w, https:\/\/aecolos.edu.gov.pt\/wp-content\/uploads\/2025\/05\/IMG_4817-1536x2048.jpg 1536w, https:\/\/aecolos.edu.gov.pt\/wp-content\/uploads\/2025\/05\/IMG_4817-200x267.jpg 200w, https:\/\/aecolos.edu.gov.pt\/wp-content\/uploads\/2025\/05\/IMG_4817-1320x1760.jpg 1320w, https:\/\/aecolos.edu.gov.pt\/wp-content\/uploads\/2025\/05\/IMG_4817-scaled.jpg 1920w\" sizes=\"auto, (max-width: 768px) 100vw, 768px\" \/><\/figure>\n\n\n\n<figure class=\"wp-block-image size-large\"><img loading=\"lazy\" decoding=\"async\" width=\"768\" height=\"1024\" data-id=\"3005\" src=\"https:\/\/aecolos.edu.gov.pt\/wp-content\/uploads\/2025\/05\/IMG_4819-768x1024.jpg\" alt=\"\" class=\"wp-image-3005\" srcset=\"https:\/\/aecolos.edu.gov.pt\/wp-content\/uploads\/2025\/05\/IMG_4819-768x1024.jpg 768w, https:\/\/aecolos.edu.gov.pt\/wp-content\/uploads\/2025\/05\/IMG_4819-225x300.jpg 225w, https:\/\/aecolos.edu.gov.pt\/wp-content\/uploads\/2025\/05\/IMG_4819-1152x1536.jpg 1152w, https:\/\/aecolos.edu.gov.pt\/wp-content\/uploads\/2025\/05\/IMG_4819-1536x2048.jpg 1536w, https:\/\/aecolos.edu.gov.pt\/wp-content\/uploads\/2025\/05\/IMG_4819-200x267.jpg 200w, https:\/\/aecolos.edu.gov.pt\/wp-content\/uploads\/2025\/05\/IMG_4819-1320x1760.jpg 1320w, https:\/\/aecolos.edu.gov.pt\/wp-content\/uploads\/2025\/05\/IMG_4819-scaled.jpg 1920w\" sizes=\"auto, (max-width: 768px) 100vw, 768px\" \/><\/figure>\n\n\n\n<figure class=\"wp-block-image size-large\"><img loading=\"lazy\" decoding=\"async\" width=\"768\" height=\"1024\" data-id=\"3006\" src=\"https:\/\/aecolos.edu.gov.pt\/wp-content\/uploads\/2025\/05\/IMG_4821-768x1024.jpg\" alt=\"\" class=\"wp-image-3006\" srcset=\"https:\/\/aecolos.edu.gov.pt\/wp-content\/uploads\/2025\/05\/IMG_4821-768x1024.jpg 768w, https:\/\/aecolos.edu.gov.pt\/wp-content\/uploads\/2025\/05\/IMG_4821-225x300.jpg 225w, https:\/\/aecolos.edu.gov.pt\/wp-content\/uploads\/2025\/05\/IMG_4821-1152x1536.jpg 1152w, https:\/\/aecolos.edu.gov.pt\/wp-content\/uploads\/2025\/05\/IMG_4821-1536x2048.jpg 1536w, https:\/\/aecolos.edu.gov.pt\/wp-content\/uploads\/2025\/05\/IMG_4821-200x267.jpg 200w, https:\/\/aecolos.edu.gov.pt\/wp-content\/uploads\/2025\/05\/IMG_4821-1320x1760.jpg 1320w, https:\/\/aecolos.edu.gov.pt\/wp-content\/uploads\/2025\/05\/IMG_4821-scaled.jpg 1920w\" sizes=\"auto, (max-width: 768px) 100vw, 768px\" \/><\/figure>\n\n\n\n<figure class=\"wp-block-image size-large\"><img loading=\"lazy\" decoding=\"async\" width=\"768\" height=\"1024\" data-id=\"3003\" src=\"https:\/\/aecolos.edu.gov.pt\/wp-content\/uploads\/2025\/05\/IMG_4828-768x1024.jpg\" alt=\"\" class=\"wp-image-3003\" srcset=\"https:\/\/aecolos.edu.gov.pt\/wp-content\/uploads\/2025\/05\/IMG_4828-768x1024.jpg 768w, https:\/\/aecolos.edu.gov.pt\/wp-content\/uploads\/2025\/05\/IMG_4828-225x300.jpg 225w, https:\/\/aecolos.edu.gov.pt\/wp-content\/uploads\/2025\/05\/IMG_4828-1152x1536.jpg 1152w, https:\/\/aecolos.edu.gov.pt\/wp-content\/uploads\/2025\/05\/IMG_4828-1536x2048.jpg 1536w, https:\/\/aecolos.edu.gov.pt\/wp-content\/uploads\/2025\/05\/IMG_4828-200x267.jpg 200w, https:\/\/aecolos.edu.gov.pt\/wp-content\/uploads\/2025\/05\/IMG_4828-1320x1760.jpg 1320w, https:\/\/aecolos.edu.gov.pt\/wp-content\/uploads\/2025\/05\/IMG_4828-scaled.jpg 1920w\" sizes=\"auto, (max-width: 768px) 100vw, 768px\" \/><\/figure>\n\n\n\n<figure class=\"wp-block-image size-large\"><img loading=\"lazy\" decoding=\"async\" width=\"768\" height=\"1024\" data-id=\"3007\" src=\"https:\/\/aecolos.edu.gov.pt\/wp-content\/uploads\/2025\/05\/IMG_4829-768x1024.jpg\" alt=\"\" class=\"wp-image-3007\" srcset=\"https:\/\/aecolos.edu.gov.pt\/wp-content\/uploads\/2025\/05\/IMG_4829-768x1024.jpg 768w, https:\/\/aecolos.edu.gov.pt\/wp-content\/uploads\/2025\/05\/IMG_4829-225x300.jpg 225w, https:\/\/aecolos.edu.gov.pt\/wp-content\/uploads\/2025\/05\/IMG_4829-1152x1536.jpg 1152w, https:\/\/aecolos.edu.gov.pt\/wp-content\/uploads\/2025\/05\/IMG_4829-1536x2048.jpg 1536w, https:\/\/aecolos.edu.gov.pt\/wp-content\/uploads\/2025\/05\/IMG_4829-200x267.jpg 200w, https:\/\/aecolos.edu.gov.pt\/wp-content\/uploads\/2025\/05\/IMG_4829-1320x1760.jpg 1320w, https:\/\/aecolos.edu.gov.pt\/wp-content\/uploads\/2025\/05\/IMG_4829-scaled.jpg 1920w\" sizes=\"auto, (max-width: 768px) 100vw, 768px\" \/><\/figure>\n<\/figure>\n","protected":false},"excerpt":{"rendered":"<p>Tal como na edi\u00e7\u00e3o do ano anterior, os alunos de Colos tiveram uma excelente participa\u00e7\u00e3o na final do concurso concelhio ODEMIRA A LER+ que se realizou no dia 6 de &#8230;<\/p>\n","protected":false},"author":1,"featured_media":3009,"comment_status":"open","ping_status":"open","sticky":false,"template":"","format":"standard","meta":{"pgc_sgb_lightbox_settings":"","footnotes":""},"categories":[48],"tags":[67,70,69],"class_list":["post-3002","post","type-post","status-publish","format-standard","has-post-thumbnail","hentry","category-atividades","tag-1o-ceb","tag-2o-ceb","tag-3o-ceb"],"_links":{"self":[{"href":"https:\/\/aecolos.edu.gov.pt\/index.php?rest_route=\/wp\/v2\/posts\/3002","targetHints":{"allow":["GET"]}}],"collection":[{"href":"https:\/\/aecolos.edu.gov.pt\/index.php?rest_route=\/wp\/v2\/posts"}],"about":[{"href":"https:\/\/aecolos.edu.gov.pt\/index.php?rest_route=\/wp\/v2\/types\/post"}],"author":[{"embeddable":true,"href":"https:\/\/aecolos.edu.gov.pt\/index.php?rest_route=\/wp\/v2\/users\/1"}],"replies":[{"embeddable":true,"href":"https:\/\/aecolos.edu.gov.pt\/index.php?rest_route=%2Fwp%2Fv2%2Fcomments&post=3002"}],"version-history":[{"count":1,"href":"https:\/\/aecolos.edu.gov.pt\/index.php?rest_route=\/wp\/v2\/posts\/3002\/revisions"}],"predecessor-version":[{"id":3008,"href":"https:\/\/aecolos.edu.gov.pt\/index.php?rest_route=\/wp\/v2\/posts\/3002\/revisions\/3008"}],"wp:featuredmedia":[{"embeddable":true,"href":"https:\/\/aecolos.edu.gov.pt\/index.php?rest_route=\/wp\/v2\/media\/3009"}],"wp:attachment":[{"href":"https:\/\/aecolos.edu.gov.pt\/index.php?rest_route=%2Fwp%2Fv2%2Fmedia&parent=3002"}],"wp:term":[{"taxonomy":"category","embeddable":true,"href":"https:\/\/aecolos.edu.gov.pt\/index.php?rest_route=%2Fwp%2Fv2%2Fcategories&post=3002"},{"taxonomy":"post_tag","embeddable":true,"href":"https:\/\/aecolos.edu.gov.pt\/index.php?rest_route=%2Fwp%2Fv2%2Ftags&post=3002"}],"curies":[{"name":"wp","href":"https:\/\/api.w.org\/{rel}","templated":true}]}}