{"id":2984,"date":"2025-05-07T09:02:00","date_gmt":"2025-05-07T09:02:00","guid":{"rendered":"https:\/\/aecolos.edu.gov.pt\/?p=2984"},"modified":"2025-05-07T11:01:40","modified_gmt":"2025-05-07T11:01:40","slug":"forum-nacional-de-clubes-ciencia-viva-na-escola","status":"publish","type":"post","link":"https:\/\/aecolos.edu.gov.pt\/?p=2984","title":{"rendered":"F\u00f3rum Nacional de Clubes Ci\u00eancia Viva na Escola"},"content":{"rendered":"\n<div class=\"wp-block-media-text is-stacked-on-mobile\"><figure class=\"wp-block-media-text__media\"><img loading=\"lazy\" decoding=\"async\" width=\"1024\" height=\"768\" src=\"https:\/\/aecolos.edu.gov.pt\/wp-content\/uploads\/2025\/05\/20250403_184820-1024x768.jpg\" alt=\"\" class=\"wp-image-2985 size-full\" srcset=\"https:\/\/aecolos.edu.gov.pt\/wp-content\/uploads\/2025\/05\/20250403_184820-1024x768.jpg 1024w, https:\/\/aecolos.edu.gov.pt\/wp-content\/uploads\/2025\/05\/20250403_184820-300x225.jpg 300w, https:\/\/aecolos.edu.gov.pt\/wp-content\/uploads\/2025\/05\/20250403_184820-768x576.jpg 768w, https:\/\/aecolos.edu.gov.pt\/wp-content\/uploads\/2025\/05\/20250403_184820-1536x1152.jpg 1536w, https:\/\/aecolos.edu.gov.pt\/wp-content\/uploads\/2025\/05\/20250403_184820-200x150.jpg 200w, https:\/\/aecolos.edu.gov.pt\/wp-content\/uploads\/2025\/05\/20250403_184820-1320x990.jpg 1320w, https:\/\/aecolos.edu.gov.pt\/wp-content\/uploads\/2025\/05\/20250403_184820.jpg 1844w\" sizes=\"auto, (max-width: 1024px) 100vw, 1024px\" \/><\/figure><div class=\"wp-block-media-text__content\">\n<p>Os alunos Guilherme Franco do 8.\u00ba A e Tom\u00e1s Soares do 8.\u00ba B participaram no <strong>F\u00f3rum Nacional de Clubes Ci\u00eancia Viva na Escola<\/strong>, que decorreu co Centro de Congressos da Alf\u00e2ndega do Porto, nos dias 4 e 5 de abril de 2025. Esta iniciativa de mobiliza\u00e7\u00e3o nacional de estudantes, docentes e cientistas permitiu a partilha de conhecimentos, de experi\u00eancias e de boas pr\u00e1ticas.<\/p>\n\n\n\n<p>Os alunos participaram na modalidade \u201c<strong>Ci\u00eancia em palco com apresenta\u00e7\u00f5es dos alunos\u201d<\/strong>, onde tiveram a oportunidade de partilhar atividades desenvolvidas no clube do nosso agrupamento.<\/p>\n<\/div><\/div>\n\n\n\n<div style=\"height:50px\" aria-hidden=\"true\" class=\"wp-block-spacer\"><\/div>\n\n\n\n<figure class=\"wp-block-gallery has-nested-images columns-default is-cropped wp-block-gallery-1 is-layout-flex wp-block-gallery-is-layout-flex\">\n<figure class=\"wp-block-image size-large\"><img loading=\"lazy\" decoding=\"async\" width=\"1024\" height=\"768\" data-id=\"2987\" src=\"https:\/\/aecolos.edu.gov.pt\/wp-content\/uploads\/2025\/05\/20250404_100542-1024x768.jpg\" alt=\"\" class=\"wp-image-2987\" srcset=\"https:\/\/aecolos.edu.gov.pt\/wp-content\/uploads\/2025\/05\/20250404_100542-1024x768.jpg 1024w, https:\/\/aecolos.edu.gov.pt\/wp-content\/uploads\/2025\/05\/20250404_100542-300x225.jpg 300w, https:\/\/aecolos.edu.gov.pt\/wp-content\/uploads\/2025\/05\/20250404_100542-768x576.jpg 768w, https:\/\/aecolos.edu.gov.pt\/wp-content\/uploads\/2025\/05\/20250404_100542-1536x1152.jpg 1536w, https:\/\/aecolos.edu.gov.pt\/wp-content\/uploads\/2025\/05\/20250404_100542-200x150.jpg 200w, https:\/\/aecolos.edu.gov.pt\/wp-content\/uploads\/2025\/05\/20250404_100542-1320x990.jpg 1320w, https:\/\/aecolos.edu.gov.pt\/wp-content\/uploads\/2025\/05\/20250404_100542.jpg 1997w\" sizes=\"auto, (max-width: 1024px) 100vw, 1024px\" \/><\/figure>\n\n\n\n<figure class=\"wp-block-image size-large\"><img loading=\"lazy\" decoding=\"async\" width=\"1024\" height=\"768\" data-id=\"2988\" src=\"https:\/\/aecolos.edu.gov.pt\/wp-content\/uploads\/2025\/05\/20250405_102829-1024x768.jpg\" alt=\"\" class=\"wp-image-2988\" srcset=\"https:\/\/aecolos.edu.gov.pt\/wp-content\/uploads\/2025\/05\/20250405_102829-1024x768.jpg 1024w, https:\/\/aecolos.edu.gov.pt\/wp-content\/uploads\/2025\/05\/20250405_102829-300x225.jpg 300w, https:\/\/aecolos.edu.gov.pt\/wp-content\/uploads\/2025\/05\/20250405_102829-768x576.jpg 768w, https:\/\/aecolos.edu.gov.pt\/wp-content\/uploads\/2025\/05\/20250405_102829-1536x1152.jpg 1536w, https:\/\/aecolos.edu.gov.pt\/wp-content\/uploads\/2025\/05\/20250405_102829-2048x1536.jpg 2048w, https:\/\/aecolos.edu.gov.pt\/wp-content\/uploads\/2025\/05\/20250405_102829-200x150.jpg 200w, https:\/\/aecolos.edu.gov.pt\/wp-content\/uploads\/2025\/05\/20250405_102829-1320x990.jpg 1320w\" sizes=\"auto, (max-width: 1024px) 100vw, 1024px\" \/><\/figure>\n\n\n\n<figure class=\"wp-block-image size-large\"><img loading=\"lazy\" decoding=\"async\" width=\"1024\" height=\"768\" data-id=\"2990\" src=\"https:\/\/aecolos.edu.gov.pt\/wp-content\/uploads\/2025\/05\/20250405_155123-1024x768.jpg\" alt=\"\" class=\"wp-image-2990\" srcset=\"https:\/\/aecolos.edu.gov.pt\/wp-content\/uploads\/2025\/05\/20250405_155123-1024x768.jpg 1024w, https:\/\/aecolos.edu.gov.pt\/wp-content\/uploads\/2025\/05\/20250405_155123-300x225.jpg 300w, https:\/\/aecolos.edu.gov.pt\/wp-content\/uploads\/2025\/05\/20250405_155123-768x576.jpg 768w, https:\/\/aecolos.edu.gov.pt\/wp-content\/uploads\/2025\/05\/20250405_155123-1536x1152.jpg 1536w, https:\/\/aecolos.edu.gov.pt\/wp-content\/uploads\/2025\/05\/20250405_155123-200x150.jpg 200w, https:\/\/aecolos.edu.gov.pt\/wp-content\/uploads\/2025\/05\/20250405_155123-1320x990.jpg 1320w, https:\/\/aecolos.edu.gov.pt\/wp-content\/uploads\/2025\/05\/20250405_155123.jpg 1848w\" sizes=\"auto, (max-width: 1024px) 100vw, 1024px\" \/><\/figure>\n\n\n\n<figure class=\"wp-block-image size-large\"><img loading=\"lazy\" decoding=\"async\" width=\"1841\" height=\"1381\" data-id=\"2992\" src=\"https:\/\/aecolos.edu.gov.pt\/wp-content\/uploads\/2025\/05\/ForumCCVnE_23-edited.jpg\" alt=\"\" class=\"wp-image-2992\" srcset=\"https:\/\/aecolos.edu.gov.pt\/wp-content\/uploads\/2025\/05\/ForumCCVnE_23-edited.jpg 1841w, https:\/\/aecolos.edu.gov.pt\/wp-content\/uploads\/2025\/05\/ForumCCVnE_23-edited-300x225.jpg 300w, https:\/\/aecolos.edu.gov.pt\/wp-content\/uploads\/2025\/05\/ForumCCVnE_23-edited-1024x768.jpg 1024w, https:\/\/aecolos.edu.gov.pt\/wp-content\/uploads\/2025\/05\/ForumCCVnE_23-edited-768x576.jpg 768w, https:\/\/aecolos.edu.gov.pt\/wp-content\/uploads\/2025\/05\/ForumCCVnE_23-edited-1536x1152.jpg 1536w, https:\/\/aecolos.edu.gov.pt\/wp-content\/uploads\/2025\/05\/ForumCCVnE_23-edited-200x150.jpg 200w, https:\/\/aecolos.edu.gov.pt\/wp-content\/uploads\/2025\/05\/ForumCCVnE_23-edited-1320x990.jpg 1320w\" sizes=\"auto, (max-width: 1841px) 100vw, 1841px\" \/><\/figure>\n\n\n\n<figure class=\"wp-block-image size-large\"><img loading=\"lazy\" decoding=\"async\" width=\"1024\" height=\"768\" data-id=\"2991\" src=\"https:\/\/aecolos.edu.gov.pt\/wp-content\/uploads\/2025\/05\/20250405_175725-1024x768.jpg\" alt=\"\" class=\"wp-image-2991\" srcset=\"https:\/\/aecolos.edu.gov.pt\/wp-content\/uploads\/2025\/05\/20250405_175725-1024x768.jpg 1024w, https:\/\/aecolos.edu.gov.pt\/wp-content\/uploads\/2025\/05\/20250405_175725-300x225.jpg 300w, https:\/\/aecolos.edu.gov.pt\/wp-content\/uploads\/2025\/05\/20250405_175725-768x576.jpg 768w, https:\/\/aecolos.edu.gov.pt\/wp-content\/uploads\/2025\/05\/20250405_175725-1536x1152.jpg 1536w, https:\/\/aecolos.edu.gov.pt\/wp-content\/uploads\/2025\/05\/20250405_175725-2048x1536.jpg 2048w, https:\/\/aecolos.edu.gov.pt\/wp-content\/uploads\/2025\/05\/20250405_175725-200x150.jpg 200w, https:\/\/aecolos.edu.gov.pt\/wp-content\/uploads\/2025\/05\/20250405_175725-1320x990.jpg 1320w\" sizes=\"auto, (max-width: 1024px) 100vw, 1024px\" \/><\/figure>\n<\/figure>\n\n\n\n<div style=\"height:100px\" aria-hidden=\"true\" class=\"wp-block-spacer\"><\/div>\n\n\n\n<figure class=\"wp-block-video\"><video height=\"1080\" style=\"aspect-ratio: 1920 \/ 1080;\" width=\"1920\" controls src=\"https:\/\/aecolos.edu.gov.pt\/wp-content\/uploads\/2025\/05\/20250405_124045.mp4\"><\/video><\/figure>\n\n\n\n<div style=\"height:50px\" aria-hidden=\"true\" class=\"wp-block-spacer\"><\/div>\n\n\n\n<figure class=\"wp-block-video\"><video height=\"1080\" style=\"aspect-ratio: 1920 \/ 1080;\" width=\"1920\" controls src=\"https:\/\/aecolos.edu.gov.pt\/wp-content\/uploads\/2025\/05\/20250405_105504.mp4\"><\/video><\/figure>\n","protected":false},"excerpt":{"rendered":"<p>Os alunos Guilherme Franco do 8.\u00ba A e Tom\u00e1s Soares do 8.\u00ba B participaram no F\u00f3rum Nacional de Clubes Ci\u00eancia Viva na Escola, que decorreu co Centro de Congressos da &#8230;<\/p>\n","protected":false},"author":1,"featured_media":2991,"comment_status":"open","ping_status":"open","sticky":false,"template":"","format":"standard","meta":{"pgc_sgb_lightbox_settings":"","footnotes":""},"categories":[48],"tags":[69],"class_list":["post-2984","post","type-post","status-publish","format-standard","has-post-thumbnail","hentry","category-atividades","tag-3o-ceb"],"_links":{"self":[{"href":"https:\/\/aecolos.edu.gov.pt\/index.php?rest_route=\/wp\/v2\/posts\/2984","targetHints":{"allow":["GET"]}}],"collection":[{"href":"https:\/\/aecolos.edu.gov.pt\/index.php?rest_route=\/wp\/v2\/posts"}],"about":[{"href":"https:\/\/aecolos.edu.gov.pt\/index.php?rest_route=\/wp\/v2\/types\/post"}],"author":[{"embeddable":true,"href":"https:\/\/aecolos.edu.gov.pt\/index.php?rest_route=\/wp\/v2\/users\/1"}],"replies":[{"embeddable":true,"href":"https:\/\/aecolos.edu.gov.pt\/index.php?rest_route=%2Fwp%2Fv2%2Fcomments&post=2984"}],"version-history":[{"count":1,"href":"https:\/\/aecolos.edu.gov.pt\/index.php?rest_route=\/wp\/v2\/posts\/2984\/revisions"}],"predecessor-version":[{"id":2995,"href":"https:\/\/aecolos.edu.gov.pt\/index.php?rest_route=\/wp\/v2\/posts\/2984\/revisions\/2995"}],"wp:featuredmedia":[{"embeddable":true,"href":"https:\/\/aecolos.edu.gov.pt\/index.php?rest_route=\/wp\/v2\/media\/2991"}],"wp:attachment":[{"href":"https:\/\/aecolos.edu.gov.pt\/index.php?rest_route=%2Fwp%2Fv2%2Fmedia&parent=2984"}],"wp:term":[{"taxonomy":"category","embeddable":true,"href":"https:\/\/aecolos.edu.gov.pt\/index.php?rest_route=%2Fwp%2Fv2%2Fcategories&post=2984"},{"taxonomy":"post_tag","embeddable":true,"href":"https:\/\/aecolos.edu.gov.pt\/index.php?rest_route=%2Fwp%2Fv2%2Ftags&post=2984"}],"curies":[{"name":"wp","href":"https:\/\/api.w.org\/{rel}","templated":true}]}}