{"id":2948,"date":"2025-04-23T08:47:09","date_gmt":"2025-04-23T08:47:09","guid":{"rendered":"https:\/\/aecolos.edu.gov.pt\/?p=2948"},"modified":"2025-04-23T08:47:09","modified_gmt":"2025-04-23T08:47:09","slug":"jornadas-escolares","status":"publish","type":"post","link":"https:\/\/aecolos.edu.gov.pt\/?p=2948","title":{"rendered":"Jornadas Escolares"},"content":{"rendered":"\n<p><strong>Alunos do 4.\u00ba ano da EB Aviador Brito Paes, em representa\u00e7\u00e3o dos alunos do Agrupamento de Colos, participaram nas Jornadas Escolares em Saboia<\/strong><\/p>\n\n\n\n<p>No passado dia 3 de abril de 2025, os alunos do 4.\u00ba ano do 1.\u00ba Ciclo da Escola B\u00e1sica de Colos marcaram presen\u00e7a nas Jornadas Escolares, organizadas pelo Agrupamento de Escolas de Saboia.<\/p>\n\n\n\n<p>Durante o evento, uma das atividades de destaque foi a &#8220;Assembleia de Crian\u00e7as&#8221;, onde os alunos tiveram a oportunidade de apresentar ao Munic\u00edpio de Odemira, bem como aos demais participantes, o trabalho que desenvolveram em torno do tema&nbsp;<strong>\u201cExplorar o Brincar\u201d<\/strong>.<\/p>\n\n\n\n<p>Neste espa\u00e7o de partilha e reflex\u00e3o, os alunos apresentaram as suas viv\u00eancias, brincadeiras e perspetivas sobre a import\u00e2ncia do brincar na inf\u00e2ncia. Aproveitaram ainda o momento para expressar as suas opini\u00f5es e sugerir melhorias que possam contribuir para um ambiente mais rico, inclusivo e estimulante no contexto escolar e comunit\u00e1rio.<\/p>\n\n\n\n<p>Esta iniciativa refor\u00e7a a import\u00e2ncia da escuta ativa das crian\u00e7as e da sua participa\u00e7\u00e3o na constru\u00e7\u00e3o de uma escola mais democr\u00e1tica e centrada nos seus interesses e necessidades.<\/p>\n\n\n\n<div style=\"height:50px\" aria-hidden=\"true\" class=\"wp-block-spacer\"><\/div>\n\n\n\n<div class=\"wp-block-pdf-viewer-block-standard\" style=\"text-align:left\"><div class=\"uploaded-pdf\"><a href=\"https:\/\/aecolos.edu.gov.pt\/wp-content\/uploads\/2025\/04\/Jornadas-Escolares.pdf\" data-width=\"\" data-height=\"\"><\/a><\/div><\/div>\n","protected":false},"excerpt":{"rendered":"<p>Alunos do 4.\u00ba ano da EB Aviador Brito Paes, em representa\u00e7\u00e3o dos alunos do Agrupamento de Colos, participaram nas Jornadas Escolares em Saboia No passado dia 3 de abril de &#8230;<\/p>\n","protected":false},"author":1,"featured_media":2950,"comment_status":"open","ping_status":"open","sticky":false,"template":"","format":"standard","meta":{"pgc_sgb_lightbox_settings":"","footnotes":""},"categories":[48],"tags":[67],"class_list":["post-2948","post","type-post","status-publish","format-standard","has-post-thumbnail","hentry","category-atividades","tag-1o-ceb"],"_links":{"self":[{"href":"https:\/\/aecolos.edu.gov.pt\/index.php?rest_route=\/wp\/v2\/posts\/2948","targetHints":{"allow":["GET"]}}],"collection":[{"href":"https:\/\/aecolos.edu.gov.pt\/index.php?rest_route=\/wp\/v2\/posts"}],"about":[{"href":"https:\/\/aecolos.edu.gov.pt\/index.php?rest_route=\/wp\/v2\/types\/post"}],"author":[{"embeddable":true,"href":"https:\/\/aecolos.edu.gov.pt\/index.php?rest_route=\/wp\/v2\/users\/1"}],"replies":[{"embeddable":true,"href":"https:\/\/aecolos.edu.gov.pt\/index.php?rest_route=%2Fwp%2Fv2%2Fcomments&post=2948"}],"version-history":[{"count":1,"href":"https:\/\/aecolos.edu.gov.pt\/index.php?rest_route=\/wp\/v2\/posts\/2948\/revisions"}],"predecessor-version":[{"id":2951,"href":"https:\/\/aecolos.edu.gov.pt\/index.php?rest_route=\/wp\/v2\/posts\/2948\/revisions\/2951"}],"wp:featuredmedia":[{"embeddable":true,"href":"https:\/\/aecolos.edu.gov.pt\/index.php?rest_route=\/wp\/v2\/media\/2950"}],"wp:attachment":[{"href":"https:\/\/aecolos.edu.gov.pt\/index.php?rest_route=%2Fwp%2Fv2%2Fmedia&parent=2948"}],"wp:term":[{"taxonomy":"category","embeddable":true,"href":"https:\/\/aecolos.edu.gov.pt\/index.php?rest_route=%2Fwp%2Fv2%2Fcategories&post=2948"},{"taxonomy":"post_tag","embeddable":true,"href":"https:\/\/aecolos.edu.gov.pt\/index.php?rest_route=%2Fwp%2Fv2%2Ftags&post=2948"}],"curies":[{"name":"wp","href":"https:\/\/api.w.org\/{rel}","templated":true}]}}