{"id":2944,"date":"2025-04-22T14:31:41","date_gmt":"2025-04-22T14:31:41","guid":{"rendered":"https:\/\/aecolos.edu.gov.pt\/?p=2944"},"modified":"2025-04-23T09:04:49","modified_gmt":"2025-04-23T09:04:49","slug":"matriculas-2025-2026","status":"publish","type":"post","link":"https:\/\/aecolos.edu.gov.pt\/?p=2944","title":{"rendered":"Matr\u00edculas 2025\/2026"},"content":{"rendered":"\n<p>Informa\u00e7\u00e3o referente \u00e0s inscri\u00e7\u00f5es de matr\u00edcula para a Educa\u00e7\u00e3o Pr\u00e9 Escolar e 1\u00ba ano do 1\u00ba ciclo para o ano letivo 2025\/2026<\/p>\n\n\n\n<div style=\"height:50px\" aria-hidden=\"true\" class=\"wp-block-spacer\"><\/div>\n\n\n\n<div class=\"wp-block-pdf-viewer-block-standard\" style=\"text-align:left\"><div class=\"uploaded-pdf\"><a href=\"https:\/\/aecolos.edu.gov.pt\/wp-content\/uploads\/2025\/04\/20250421102118968.pdf\" data-width=\"\" data-height=\"\"><\/a><\/div><\/div>\n","protected":false},"excerpt":{"rendered":"<p>Informa\u00e7\u00e3o referente \u00e0s inscri\u00e7\u00f5es de matr\u00edcula para a Educa\u00e7\u00e3o Pr\u00e9 Escolar e 1\u00ba ano do 1\u00ba ciclo para o ano letivo 2025\/2026<\/p>\n","protected":false},"author":1,"featured_media":2954,"comment_status":"open","ping_status":"open","sticky":false,"template":"","format":"standard","meta":{"pgc_sgb_lightbox_settings":"","footnotes":""},"categories":[5],"tags":[67,66],"class_list":["post-2944","post","type-post","status-publish","format-standard","has-post-thumbnail","hentry","category-avisos","tag-1o-ceb","tag-pre-escolar"],"_links":{"self":[{"href":"https:\/\/aecolos.edu.gov.pt\/index.php?rest_route=\/wp\/v2\/posts\/2944","targetHints":{"allow":["GET"]}}],"collection":[{"href":"https:\/\/aecolos.edu.gov.pt\/index.php?rest_route=\/wp\/v2\/posts"}],"about":[{"href":"https:\/\/aecolos.edu.gov.pt\/index.php?rest_route=\/wp\/v2\/types\/post"}],"author":[{"embeddable":true,"href":"https:\/\/aecolos.edu.gov.pt\/index.php?rest_route=\/wp\/v2\/users\/1"}],"replies":[{"embeddable":true,"href":"https:\/\/aecolos.edu.gov.pt\/index.php?rest_route=%2Fwp%2Fv2%2Fcomments&post=2944"}],"version-history":[{"count":2,"href":"https:\/\/aecolos.edu.gov.pt\/index.php?rest_route=\/wp\/v2\/posts\/2944\/revisions"}],"predecessor-version":[{"id":2947,"href":"https:\/\/aecolos.edu.gov.pt\/index.php?rest_route=\/wp\/v2\/posts\/2944\/revisions\/2947"}],"wp:featuredmedia":[{"embeddable":true,"href":"https:\/\/aecolos.edu.gov.pt\/index.php?rest_route=\/wp\/v2\/media\/2954"}],"wp:attachment":[{"href":"https:\/\/aecolos.edu.gov.pt\/index.php?rest_route=%2Fwp%2Fv2%2Fmedia&parent=2944"}],"wp:term":[{"taxonomy":"category","embeddable":true,"href":"https:\/\/aecolos.edu.gov.pt\/index.php?rest_route=%2Fwp%2Fv2%2Fcategories&post=2944"},{"taxonomy":"post_tag","embeddable":true,"href":"https:\/\/aecolos.edu.gov.pt\/index.php?rest_route=%2Fwp%2Fv2%2Ftags&post=2944"}],"curies":[{"name":"wp","href":"https:\/\/api.w.org\/{rel}","templated":true}]}}