{"id":2895,"date":"2025-03-26T15:28:55","date_gmt":"2025-03-26T15:28:55","guid":{"rendered":"https:\/\/aecolos.edu.gov.pt\/?p=2895"},"modified":"2025-03-26T15:36:14","modified_gmt":"2025-03-26T15:36:14","slug":"cartas-oceano","status":"publish","type":"post","link":"https:\/\/aecolos.edu.gov.pt\/?p=2895","title":{"rendered":"Eu sou o Oceano"},"content":{"rendered":"\n<p>Os alunos do 3\u00ba ciclo aceitaram o desafio lan\u00e7ado na disciplina de Portugu\u00eas para realizar a seguinte atividade: \u201cImagina que \u00e9s o oceano.&nbsp;Escreve uma carta a algu\u00e9m para lhe explicar por que raz\u00e3o deveria cuidar de ti e como deveria faz\u00ea-lo.\u201d Este foi o tema proposto num concurso promovido a n\u00edvel internacional pela Uni\u00e3o Postal Universal (UPU).Desta forma, os alunos refletiram sobre o problema da polui\u00e7\u00e3o marinha e deram asas \u00e0 imagina\u00e7\u00e3o.&nbsp;<br><\/p>\n\n\n\n<div style=\"height:50px\" aria-hidden=\"true\" class=\"wp-block-spacer\"><\/div>\n\n\n\n<div class=\"wp-block-pdf-viewer-block-standard\" style=\"text-align:left\"><div class=\"uploaded-pdf\"><a href=\"https:\/\/aecolos.edu.gov.pt\/wp-content\/uploads\/2025\/03\/Cartas-Oceano.pdf\" data-width=\"\" data-height=\"\"><\/a><\/div><\/div>\n","protected":false},"excerpt":{"rendered":"<p>Os alunos do 3\u00ba ciclo aceitaram o desafio lan\u00e7ado na disciplina de Portugu\u00eas para realizar a seguinte atividade: \u201cImagina que \u00e9s o oceano.&nbsp;Escreve uma carta a algu\u00e9m para lhe explicar &#8230;<\/p>\n","protected":false},"author":1,"featured_media":2901,"comment_status":"open","ping_status":"open","sticky":false,"template":"","format":"standard","meta":{"pgc_sgb_lightbox_settings":"","footnotes":""},"categories":[48],"tags":[69],"class_list":["post-2895","post","type-post","status-publish","format-standard","has-post-thumbnail","hentry","category-atividades","tag-3o-ceb"],"_links":{"self":[{"href":"https:\/\/aecolos.edu.gov.pt\/index.php?rest_route=\/wp\/v2\/posts\/2895","targetHints":{"allow":["GET"]}}],"collection":[{"href":"https:\/\/aecolos.edu.gov.pt\/index.php?rest_route=\/wp\/v2\/posts"}],"about":[{"href":"https:\/\/aecolos.edu.gov.pt\/index.php?rest_route=\/wp\/v2\/types\/post"}],"author":[{"embeddable":true,"href":"https:\/\/aecolos.edu.gov.pt\/index.php?rest_route=\/wp\/v2\/users\/1"}],"replies":[{"embeddable":true,"href":"https:\/\/aecolos.edu.gov.pt\/index.php?rest_route=%2Fwp%2Fv2%2Fcomments&post=2895"}],"version-history":[{"count":3,"href":"https:\/\/aecolos.edu.gov.pt\/index.php?rest_route=\/wp\/v2\/posts\/2895\/revisions"}],"predecessor-version":[{"id":2900,"href":"https:\/\/aecolos.edu.gov.pt\/index.php?rest_route=\/wp\/v2\/posts\/2895\/revisions\/2900"}],"wp:featuredmedia":[{"embeddable":true,"href":"https:\/\/aecolos.edu.gov.pt\/index.php?rest_route=\/wp\/v2\/media\/2901"}],"wp:attachment":[{"href":"https:\/\/aecolos.edu.gov.pt\/index.php?rest_route=%2Fwp%2Fv2%2Fmedia&parent=2895"}],"wp:term":[{"taxonomy":"category","embeddable":true,"href":"https:\/\/aecolos.edu.gov.pt\/index.php?rest_route=%2Fwp%2Fv2%2Fcategories&post=2895"},{"taxonomy":"post_tag","embeddable":true,"href":"https:\/\/aecolos.edu.gov.pt\/index.php?rest_route=%2Fwp%2Fv2%2Ftags&post=2895"}],"curies":[{"name":"wp","href":"https:\/\/api.w.org\/{rel}","templated":true}]}}