{"id":2866,"date":"2025-03-26T14:23:47","date_gmt":"2025-03-26T14:23:47","guid":{"rendered":"https:\/\/aecolos.edu.gov.pt\/?p=2866"},"modified":"2025-03-26T14:24:02","modified_gmt":"2025-03-26T14:24:02","slug":"vacinacao-dos-coelhos","status":"publish","type":"post","link":"https:\/\/aecolos.edu.gov.pt\/?p=2866","title":{"rendered":"Vacina\u00e7\u00e3o dos Coelhos"},"content":{"rendered":"\n<div class=\"wp-block-media-text is-stacked-on-mobile\" style=\"grid-template-columns:38% auto\"><figure class=\"wp-block-media-text__media\"><img loading=\"lazy\" decoding=\"async\" width=\"771\" height=\"1024\" src=\"https:\/\/aecolos.edu.gov.pt\/wp-content\/uploads\/2025\/03\/WhatsApp-Image-2025-03-26-at-12.21.34-771x1024.jpeg\" alt=\"\" class=\"wp-image-2867 size-full\" srcset=\"https:\/\/aecolos.edu.gov.pt\/wp-content\/uploads\/2025\/03\/WhatsApp-Image-2025-03-26-at-12.21.34-771x1024.jpeg 771w, https:\/\/aecolos.edu.gov.pt\/wp-content\/uploads\/2025\/03\/WhatsApp-Image-2025-03-26-at-12.21.34-226x300.jpeg 226w, https:\/\/aecolos.edu.gov.pt\/wp-content\/uploads\/2025\/03\/WhatsApp-Image-2025-03-26-at-12.21.34-768x1021.jpeg 768w, https:\/\/aecolos.edu.gov.pt\/wp-content\/uploads\/2025\/03\/WhatsApp-Image-2025-03-26-at-12.21.34-1156x1536.jpeg 1156w, https:\/\/aecolos.edu.gov.pt\/wp-content\/uploads\/2025\/03\/WhatsApp-Image-2025-03-26-at-12.21.34-200x266.jpeg 200w, https:\/\/aecolos.edu.gov.pt\/wp-content\/uploads\/2025\/03\/WhatsApp-Image-2025-03-26-at-12.21.34.jpeg 1204w\" sizes=\"auto, (max-width: 771px) 100vw, 771px\" \/><\/figure><div class=\"wp-block-media-text__content\">\n<p>Hoje no Jardim de Inf\u00e2ncia de Colos foi dia tratar dos nossos animais da quinta Pedag\u00f3gica.&nbsp;<\/p>\n\n\n\n<p>Tivemos a pesar, medir, descobrir o sexo e dar a vacina os nossos coelhos nascidos em janeiro.&nbsp;<\/p>\n\n\n\n<p>descobrimos que&nbsp; o cinzento \u00e9 do sexo feminino , mede 46cm e pesa 980gr, o cinzento e branco \u00e9 do sexo masculino, mede 53cm e pesa 1,100kg e o branco \u00e9 do sexo feminino mede 44cm e pesa 950gr<\/p>\n\n\n\n<p>Portaram-se muito bem e s\u00e3o muito meigos.&nbsp;<\/p>\n<\/div><\/div>\n\n\n\n<div style=\"height:10px\" aria-hidden=\"true\" class=\"wp-block-spacer\"><\/div>\n\n\n\n<figure class=\"wp-block-gallery has-nested-images columns-default is-cropped wp-block-gallery-1 is-layout-flex wp-block-gallery-is-layout-flex\">\n<figure class=\"wp-block-image size-large\"><img loading=\"lazy\" decoding=\"async\" width=\"771\" height=\"1024\" data-id=\"2876\" src=\"https:\/\/aecolos.edu.gov.pt\/wp-content\/uploads\/2025\/03\/WhatsApp-Image-2025-03-26-at-12.21.26-1-771x1024.jpeg\" alt=\"\" class=\"wp-image-2876\" srcset=\"https:\/\/aecolos.edu.gov.pt\/wp-content\/uploads\/2025\/03\/WhatsApp-Image-2025-03-26-at-12.21.26-1-771x1024.jpeg 771w, https:\/\/aecolos.edu.gov.pt\/wp-content\/uploads\/2025\/03\/WhatsApp-Image-2025-03-26-at-12.21.26-1-226x300.jpeg 226w, https:\/\/aecolos.edu.gov.pt\/wp-content\/uploads\/2025\/03\/WhatsApp-Image-2025-03-26-at-12.21.26-1-768x1021.jpeg 768w, https:\/\/aecolos.edu.gov.pt\/wp-content\/uploads\/2025\/03\/WhatsApp-Image-2025-03-26-at-12.21.26-1-1156x1536.jpeg 1156w, https:\/\/aecolos.edu.gov.pt\/wp-content\/uploads\/2025\/03\/WhatsApp-Image-2025-03-26-at-12.21.26-1-200x266.jpeg 200w, https:\/\/aecolos.edu.gov.pt\/wp-content\/uploads\/2025\/03\/WhatsApp-Image-2025-03-26-at-12.21.26-1.jpeg 1204w\" sizes=\"auto, (max-width: 771px) 100vw, 771px\" \/><\/figure>\n\n\n\n<figure class=\"wp-block-image size-large\"><img loading=\"lazy\" decoding=\"async\" width=\"771\" height=\"1024\" data-id=\"2869\" src=\"https:\/\/aecolos.edu.gov.pt\/wp-content\/uploads\/2025\/03\/WhatsApp-Image-2025-03-26-at-12.21.26-771x1024.jpeg\" alt=\"\" class=\"wp-image-2869\" srcset=\"https:\/\/aecolos.edu.gov.pt\/wp-content\/uploads\/2025\/03\/WhatsApp-Image-2025-03-26-at-12.21.26-771x1024.jpeg 771w, https:\/\/aecolos.edu.gov.pt\/wp-content\/uploads\/2025\/03\/WhatsApp-Image-2025-03-26-at-12.21.26-226x300.jpeg 226w, https:\/\/aecolos.edu.gov.pt\/wp-content\/uploads\/2025\/03\/WhatsApp-Image-2025-03-26-at-12.21.26-768x1021.jpeg 768w, https:\/\/aecolos.edu.gov.pt\/wp-content\/uploads\/2025\/03\/WhatsApp-Image-2025-03-26-at-12.21.26-1156x1536.jpeg 1156w, https:\/\/aecolos.edu.gov.pt\/wp-content\/uploads\/2025\/03\/WhatsApp-Image-2025-03-26-at-12.21.26-200x266.jpeg 200w, https:\/\/aecolos.edu.gov.pt\/wp-content\/uploads\/2025\/03\/WhatsApp-Image-2025-03-26-at-12.21.26.jpeg 1204w\" sizes=\"auto, (max-width: 771px) 100vw, 771px\" \/><\/figure>\n\n\n\n<figure class=\"wp-block-image size-large\"><img loading=\"lazy\" decoding=\"async\" width=\"771\" height=\"1024\" data-id=\"2868\" src=\"https:\/\/aecolos.edu.gov.pt\/wp-content\/uploads\/2025\/03\/WhatsApp-Image-2025-03-26-at-12.21.27-1-771x1024.jpeg\" alt=\"\" class=\"wp-image-2868\" srcset=\"https:\/\/aecolos.edu.gov.pt\/wp-content\/uploads\/2025\/03\/WhatsApp-Image-2025-03-26-at-12.21.27-1-771x1024.jpeg 771w, https:\/\/aecolos.edu.gov.pt\/wp-content\/uploads\/2025\/03\/WhatsApp-Image-2025-03-26-at-12.21.27-1-226x300.jpeg 226w, https:\/\/aecolos.edu.gov.pt\/wp-content\/uploads\/2025\/03\/WhatsApp-Image-2025-03-26-at-12.21.27-1-768x1021.jpeg 768w, https:\/\/aecolos.edu.gov.pt\/wp-content\/uploads\/2025\/03\/WhatsApp-Image-2025-03-26-at-12.21.27-1-1156x1536.jpeg 1156w, https:\/\/aecolos.edu.gov.pt\/wp-content\/uploads\/2025\/03\/WhatsApp-Image-2025-03-26-at-12.21.27-1-200x266.jpeg 200w, https:\/\/aecolos.edu.gov.pt\/wp-content\/uploads\/2025\/03\/WhatsApp-Image-2025-03-26-at-12.21.27-1.jpeg 1204w\" sizes=\"auto, (max-width: 771px) 100vw, 771px\" \/><\/figure>\n\n\n\n<figure class=\"wp-block-image size-large\"><img loading=\"lazy\" decoding=\"async\" width=\"771\" height=\"1024\" data-id=\"2871\" src=\"https:\/\/aecolos.edu.gov.pt\/wp-content\/uploads\/2025\/03\/WhatsApp-Image-2025-03-26-at-12.21.27-771x1024.jpeg\" alt=\"\" class=\"wp-image-2871\" srcset=\"https:\/\/aecolos.edu.gov.pt\/wp-content\/uploads\/2025\/03\/WhatsApp-Image-2025-03-26-at-12.21.27-771x1024.jpeg 771w, https:\/\/aecolos.edu.gov.pt\/wp-content\/uploads\/2025\/03\/WhatsApp-Image-2025-03-26-at-12.21.27-226x300.jpeg 226w, https:\/\/aecolos.edu.gov.pt\/wp-content\/uploads\/2025\/03\/WhatsApp-Image-2025-03-26-at-12.21.27-768x1021.jpeg 768w, https:\/\/aecolos.edu.gov.pt\/wp-content\/uploads\/2025\/03\/WhatsApp-Image-2025-03-26-at-12.21.27-1156x1536.jpeg 1156w, https:\/\/aecolos.edu.gov.pt\/wp-content\/uploads\/2025\/03\/WhatsApp-Image-2025-03-26-at-12.21.27-200x266.jpeg 200w, https:\/\/aecolos.edu.gov.pt\/wp-content\/uploads\/2025\/03\/WhatsApp-Image-2025-03-26-at-12.21.27.jpeg 1204w\" sizes=\"auto, (max-width: 771px) 100vw, 771px\" \/><\/figure>\n\n\n\n<figure class=\"wp-block-image size-large\"><img loading=\"lazy\" decoding=\"async\" width=\"771\" height=\"1024\" data-id=\"2875\" src=\"https:\/\/aecolos.edu.gov.pt\/wp-content\/uploads\/2025\/03\/WhatsApp-Image-2025-03-26-at-12.21.30-771x1024.jpeg\" alt=\"\" class=\"wp-image-2875\" srcset=\"https:\/\/aecolos.edu.gov.pt\/wp-content\/uploads\/2025\/03\/WhatsApp-Image-2025-03-26-at-12.21.30-771x1024.jpeg 771w, https:\/\/aecolos.edu.gov.pt\/wp-content\/uploads\/2025\/03\/WhatsApp-Image-2025-03-26-at-12.21.30-226x300.jpeg 226w, https:\/\/aecolos.edu.gov.pt\/wp-content\/uploads\/2025\/03\/WhatsApp-Image-2025-03-26-at-12.21.30-768x1021.jpeg 768w, https:\/\/aecolos.edu.gov.pt\/wp-content\/uploads\/2025\/03\/WhatsApp-Image-2025-03-26-at-12.21.30-1156x1536.jpeg 1156w, https:\/\/aecolos.edu.gov.pt\/wp-content\/uploads\/2025\/03\/WhatsApp-Image-2025-03-26-at-12.21.30-200x266.jpeg 200w, https:\/\/aecolos.edu.gov.pt\/wp-content\/uploads\/2025\/03\/WhatsApp-Image-2025-03-26-at-12.21.30.jpeg 1204w\" sizes=\"auto, (max-width: 771px) 100vw, 771px\" \/><\/figure>\n\n\n\n<figure class=\"wp-block-image size-large\"><img loading=\"lazy\" decoding=\"async\" width=\"771\" height=\"1024\" data-id=\"2874\" src=\"https:\/\/aecolos.edu.gov.pt\/wp-content\/uploads\/2025\/03\/WhatsApp-Image-2025-03-26-at-12.21.31-771x1024.jpeg\" alt=\"\" class=\"wp-image-2874\" srcset=\"https:\/\/aecolos.edu.gov.pt\/wp-content\/uploads\/2025\/03\/WhatsApp-Image-2025-03-26-at-12.21.31-771x1024.jpeg 771w, https:\/\/aecolos.edu.gov.pt\/wp-content\/uploads\/2025\/03\/WhatsApp-Image-2025-03-26-at-12.21.31-226x300.jpeg 226w, https:\/\/aecolos.edu.gov.pt\/wp-content\/uploads\/2025\/03\/WhatsApp-Image-2025-03-26-at-12.21.31-768x1021.jpeg 768w, https:\/\/aecolos.edu.gov.pt\/wp-content\/uploads\/2025\/03\/WhatsApp-Image-2025-03-26-at-12.21.31-1156x1536.jpeg 1156w, https:\/\/aecolos.edu.gov.pt\/wp-content\/uploads\/2025\/03\/WhatsApp-Image-2025-03-26-at-12.21.31-200x266.jpeg 200w, https:\/\/aecolos.edu.gov.pt\/wp-content\/uploads\/2025\/03\/WhatsApp-Image-2025-03-26-at-12.21.31.jpeg 1204w\" sizes=\"auto, (max-width: 771px) 100vw, 771px\" \/><\/figure>\n\n\n\n<figure class=\"wp-block-image size-large\"><img loading=\"lazy\" decoding=\"async\" width=\"771\" height=\"1024\" data-id=\"2873\" src=\"https:\/\/aecolos.edu.gov.pt\/wp-content\/uploads\/2025\/03\/WhatsApp-Image-2025-03-26-at-12.21.32-1-771x1024.jpeg\" alt=\"\" class=\"wp-image-2873\" srcset=\"https:\/\/aecolos.edu.gov.pt\/wp-content\/uploads\/2025\/03\/WhatsApp-Image-2025-03-26-at-12.21.32-1-771x1024.jpeg 771w, https:\/\/aecolos.edu.gov.pt\/wp-content\/uploads\/2025\/03\/WhatsApp-Image-2025-03-26-at-12.21.32-1-226x300.jpeg 226w, https:\/\/aecolos.edu.gov.pt\/wp-content\/uploads\/2025\/03\/WhatsApp-Image-2025-03-26-at-12.21.32-1-768x1021.jpeg 768w, https:\/\/aecolos.edu.gov.pt\/wp-content\/uploads\/2025\/03\/WhatsApp-Image-2025-03-26-at-12.21.32-1-1156x1536.jpeg 1156w, https:\/\/aecolos.edu.gov.pt\/wp-content\/uploads\/2025\/03\/WhatsApp-Image-2025-03-26-at-12.21.32-1-200x266.jpeg 200w, https:\/\/aecolos.edu.gov.pt\/wp-content\/uploads\/2025\/03\/WhatsApp-Image-2025-03-26-at-12.21.32-1.jpeg 1204w\" sizes=\"auto, (max-width: 771px) 100vw, 771px\" \/><\/figure>\n\n\n\n<figure class=\"wp-block-image size-large\"><img loading=\"lazy\" decoding=\"async\" width=\"771\" height=\"1024\" data-id=\"2872\" src=\"https:\/\/aecolos.edu.gov.pt\/wp-content\/uploads\/2025\/03\/WhatsApp-Image-2025-03-26-at-12.21.32-771x1024.jpeg\" alt=\"\" class=\"wp-image-2872\" srcset=\"https:\/\/aecolos.edu.gov.pt\/wp-content\/uploads\/2025\/03\/WhatsApp-Image-2025-03-26-at-12.21.32-771x1024.jpeg 771w, https:\/\/aecolos.edu.gov.pt\/wp-content\/uploads\/2025\/03\/WhatsApp-Image-2025-03-26-at-12.21.32-226x300.jpeg 226w, https:\/\/aecolos.edu.gov.pt\/wp-content\/uploads\/2025\/03\/WhatsApp-Image-2025-03-26-at-12.21.32-768x1021.jpeg 768w, https:\/\/aecolos.edu.gov.pt\/wp-content\/uploads\/2025\/03\/WhatsApp-Image-2025-03-26-at-12.21.32-1156x1536.jpeg 1156w, https:\/\/aecolos.edu.gov.pt\/wp-content\/uploads\/2025\/03\/WhatsApp-Image-2025-03-26-at-12.21.32-200x266.jpeg 200w, https:\/\/aecolos.edu.gov.pt\/wp-content\/uploads\/2025\/03\/WhatsApp-Image-2025-03-26-at-12.21.32.jpeg 1204w\" sizes=\"auto, (max-width: 771px) 100vw, 771px\" \/><\/figure>\n\n\n\n<figure class=\"wp-block-image size-large\"><img loading=\"lazy\" decoding=\"async\" width=\"771\" height=\"1024\" data-id=\"2877\" src=\"https:\/\/aecolos.edu.gov.pt\/wp-content\/uploads\/2025\/03\/WhatsApp-Image-2025-03-26-at-12.21.35-771x1024.jpeg\" alt=\"\" class=\"wp-image-2877\" srcset=\"https:\/\/aecolos.edu.gov.pt\/wp-content\/uploads\/2025\/03\/WhatsApp-Image-2025-03-26-at-12.21.35-771x1024.jpeg 771w, https:\/\/aecolos.edu.gov.pt\/wp-content\/uploads\/2025\/03\/WhatsApp-Image-2025-03-26-at-12.21.35-226x300.jpeg 226w, https:\/\/aecolos.edu.gov.pt\/wp-content\/uploads\/2025\/03\/WhatsApp-Image-2025-03-26-at-12.21.35-768x1021.jpeg 768w, https:\/\/aecolos.edu.gov.pt\/wp-content\/uploads\/2025\/03\/WhatsApp-Image-2025-03-26-at-12.21.35-1156x1536.jpeg 1156w, https:\/\/aecolos.edu.gov.pt\/wp-content\/uploads\/2025\/03\/WhatsApp-Image-2025-03-26-at-12.21.35-200x266.jpeg 200w, https:\/\/aecolos.edu.gov.pt\/wp-content\/uploads\/2025\/03\/WhatsApp-Image-2025-03-26-at-12.21.35.jpeg 1204w\" sizes=\"auto, (max-width: 771px) 100vw, 771px\" \/><\/figure>\n<\/figure>\n","protected":false},"excerpt":{"rendered":"<p>Hoje no Jardim de Inf\u00e2ncia de Colos foi dia tratar dos nossos animais da quinta Pedag\u00f3gica.&nbsp; Tivemos a pesar, medir, descobrir o sexo e dar a vacina os nossos coelhos &#8230;<\/p>\n","protected":false},"author":1,"featured_media":2867,"comment_status":"open","ping_status":"open","sticky":false,"template":"","format":"standard","meta":{"pgc_sgb_lightbox_settings":"","footnotes":""},"categories":[48],"tags":[66],"class_list":["post-2866","post","type-post","status-publish","format-standard","has-post-thumbnail","hentry","category-atividades","tag-pre-escolar"],"_links":{"self":[{"href":"https:\/\/aecolos.edu.gov.pt\/index.php?rest_route=\/wp\/v2\/posts\/2866","targetHints":{"allow":["GET"]}}],"collection":[{"href":"https:\/\/aecolos.edu.gov.pt\/index.php?rest_route=\/wp\/v2\/posts"}],"about":[{"href":"https:\/\/aecolos.edu.gov.pt\/index.php?rest_route=\/wp\/v2\/types\/post"}],"author":[{"embeddable":true,"href":"https:\/\/aecolos.edu.gov.pt\/index.php?rest_route=\/wp\/v2\/users\/1"}],"replies":[{"embeddable":true,"href":"https:\/\/aecolos.edu.gov.pt\/index.php?rest_route=%2Fwp%2Fv2%2Fcomments&post=2866"}],"version-history":[{"count":2,"href":"https:\/\/aecolos.edu.gov.pt\/index.php?rest_route=\/wp\/v2\/posts\/2866\/revisions"}],"predecessor-version":[{"id":2879,"href":"https:\/\/aecolos.edu.gov.pt\/index.php?rest_route=\/wp\/v2\/posts\/2866\/revisions\/2879"}],"wp:featuredmedia":[{"embeddable":true,"href":"https:\/\/aecolos.edu.gov.pt\/index.php?rest_route=\/wp\/v2\/media\/2867"}],"wp:attachment":[{"href":"https:\/\/aecolos.edu.gov.pt\/index.php?rest_route=%2Fwp%2Fv2%2Fmedia&parent=2866"}],"wp:term":[{"taxonomy":"category","embeddable":true,"href":"https:\/\/aecolos.edu.gov.pt\/index.php?rest_route=%2Fwp%2Fv2%2Fcategories&post=2866"},{"taxonomy":"post_tag","embeddable":true,"href":"https:\/\/aecolos.edu.gov.pt\/index.php?rest_route=%2Fwp%2Fv2%2Ftags&post=2866"}],"curies":[{"name":"wp","href":"https:\/\/api.w.org\/{rel}","templated":true}]}}