{"id":2816,"date":"2025-03-26T14:29:38","date_gmt":"2025-03-26T14:29:38","guid":{"rendered":"https:\/\/aecolos.edu.gov.pt\/?p=2816"},"modified":"2025-03-26T14:30:53","modified_gmt":"2025-03-26T14:30:53","slug":"camoes-engenho-e-arte","status":"publish","type":"post","link":"https:\/\/aecolos.edu.gov.pt\/?p=2816","title":{"rendered":"Cam\u00f5es, engenho e arte"},"content":{"rendered":"\n<div class=\"wp-block-media-text is-stacked-on-mobile\"><figure class=\"wp-block-media-text__media\"><img loading=\"lazy\" decoding=\"async\" width=\"768\" height=\"1024\" src=\"https:\/\/aecolos.edu.gov.pt\/wp-content\/uploads\/2025\/03\/DB-foto-72-768x1024.jpg\" alt=\"\" class=\"wp-image-2818 size-full\" srcset=\"https:\/\/aecolos.edu.gov.pt\/wp-content\/uploads\/2025\/03\/DB-foto-72-768x1024.jpg 768w, https:\/\/aecolos.edu.gov.pt\/wp-content\/uploads\/2025\/03\/DB-foto-72-225x300.jpg 225w, https:\/\/aecolos.edu.gov.pt\/wp-content\/uploads\/2025\/03\/DB-foto-72-1152x1536.jpg 1152w, https:\/\/aecolos.edu.gov.pt\/wp-content\/uploads\/2025\/03\/DB-foto-72-1536x2048.jpg 1536w, https:\/\/aecolos.edu.gov.pt\/wp-content\/uploads\/2025\/03\/DB-foto-72-200x267.jpg 200w, https:\/\/aecolos.edu.gov.pt\/wp-content\/uploads\/2025\/03\/DB-foto-72-scaled.jpg 1920w\" sizes=\"auto, (max-width: 768px) 100vw, 768px\" \/><\/figure><div class=\"wp-block-media-text__content\">\n<p>Em articula\u00e7\u00e3o com os diferentes servi\u00e7os do Minist\u00e9rio da Educa\u00e7\u00e3o, a Rede de Bibliotecas Escolares promove as comemora\u00e7\u00f5es do V Centen\u00e1rio do Nascimento de Cam\u00f5es com a iniciativa &#8220;Cam\u00f5es, engenho e arte&#8221;. <\/p>\n\n\n\n<p>Neste \u00e2mbito est\u00e3o a ser realizadas diferentes atividades. Desta vez destacamos os marcadores de livros que tiveram como ponto de partida um dos poemas de Lu\u00eds de Cam\u00f5es. <\/p>\n\n\n\n<p>Consegues descobrir qual?<\/p>\n<\/div><\/div>\n\n\n\n<div style=\"height:50px\" aria-hidden=\"true\" class=\"wp-block-spacer\"><\/div>\n\n\n\n<figure class=\"wp-block-video\"><video height=\"1080\" style=\"aspect-ratio: 1920 \/ 1080;\" width=\"1920\" autoplay controls loop src=\"https:\/\/aecolos.edu.gov.pt\/wp-content\/uploads\/2025\/03\/StopMotion-Marcadores.mp4\"><\/video><\/figure>\n","protected":false},"excerpt":{"rendered":"<p>Em articula\u00e7\u00e3o com os diferentes servi\u00e7os do Minist\u00e9rio da Educa\u00e7\u00e3o, a Rede de Bibliotecas Escolares promove as comemora\u00e7\u00f5es do V Centen\u00e1rio do Nascimento de Cam\u00f5es com a iniciativa &#8220;Cam\u00f5es, engenho &#8230;<\/p>\n","protected":false},"author":1,"featured_media":2818,"comment_status":"open","ping_status":"open","sticky":false,"template":"","format":"standard","meta":{"pgc_sgb_lightbox_settings":"","footnotes":""},"categories":[48],"tags":[64],"class_list":["post-2816","post","type-post","status-publish","format-standard","has-post-thumbnail","hentry","category-atividades","tag-be"],"_links":{"self":[{"href":"https:\/\/aecolos.edu.gov.pt\/index.php?rest_route=\/wp\/v2\/posts\/2816","targetHints":{"allow":["GET"]}}],"collection":[{"href":"https:\/\/aecolos.edu.gov.pt\/index.php?rest_route=\/wp\/v2\/posts"}],"about":[{"href":"https:\/\/aecolos.edu.gov.pt\/index.php?rest_route=\/wp\/v2\/types\/post"}],"author":[{"embeddable":true,"href":"https:\/\/aecolos.edu.gov.pt\/index.php?rest_route=\/wp\/v2\/users\/1"}],"replies":[{"embeddable":true,"href":"https:\/\/aecolos.edu.gov.pt\/index.php?rest_route=%2Fwp%2Fv2%2Fcomments&post=2816"}],"version-history":[{"count":1,"href":"https:\/\/aecolos.edu.gov.pt\/index.php?rest_route=\/wp\/v2\/posts\/2816\/revisions"}],"predecessor-version":[{"id":2820,"href":"https:\/\/aecolos.edu.gov.pt\/index.php?rest_route=\/wp\/v2\/posts\/2816\/revisions\/2820"}],"wp:featuredmedia":[{"embeddable":true,"href":"https:\/\/aecolos.edu.gov.pt\/index.php?rest_route=\/wp\/v2\/media\/2818"}],"wp:attachment":[{"href":"https:\/\/aecolos.edu.gov.pt\/index.php?rest_route=%2Fwp%2Fv2%2Fmedia&parent=2816"}],"wp:term":[{"taxonomy":"category","embeddable":true,"href":"https:\/\/aecolos.edu.gov.pt\/index.php?rest_route=%2Fwp%2Fv2%2Fcategories&post=2816"},{"taxonomy":"post_tag","embeddable":true,"href":"https:\/\/aecolos.edu.gov.pt\/index.php?rest_route=%2Fwp%2Fv2%2Ftags&post=2816"}],"curies":[{"name":"wp","href":"https:\/\/api.w.org\/{rel}","templated":true}]}}