{"id":2726,"date":"2025-03-13T09:21:25","date_gmt":"2025-03-13T09:21:25","guid":{"rendered":"https:\/\/aecolos.edu.gov.pt\/?p=2726"},"modified":"2025-03-13T09:21:25","modified_gmt":"2025-03-13T09:21:25","slug":"1-o-encontro-regional-de-clubes-de-ciencia-viva","status":"publish","type":"post","link":"https:\/\/aecolos.edu.gov.pt\/?p=2726","title":{"rendered":"1.\u00ba Encontro Regional de Clubes de Ci\u00eancia Viva"},"content":{"rendered":"\n<div class=\"wp-block-media-text is-stacked-on-mobile\"><figure class=\"wp-block-media-text__media\"><img loading=\"lazy\" decoding=\"async\" width=\"1009\" height=\"1024\" src=\"https:\/\/aecolos.edu.gov.pt\/wp-content\/uploads\/2025\/03\/Foto-1-1009x1024.jpg\" alt=\"\" class=\"wp-image-2727 size-full\" srcset=\"https:\/\/aecolos.edu.gov.pt\/wp-content\/uploads\/2025\/03\/Foto-1-1009x1024.jpg 1009w, https:\/\/aecolos.edu.gov.pt\/wp-content\/uploads\/2025\/03\/Foto-1-296x300.jpg 296w, https:\/\/aecolos.edu.gov.pt\/wp-content\/uploads\/2025\/03\/Foto-1-768x779.jpg 768w, https:\/\/aecolos.edu.gov.pt\/wp-content\/uploads\/2025\/03\/Foto-1-1513x1536.jpg 1513w, https:\/\/aecolos.edu.gov.pt\/wp-content\/uploads\/2025\/03\/Foto-1-2018x2048.jpg 2018w, https:\/\/aecolos.edu.gov.pt\/wp-content\/uploads\/2025\/03\/Foto-1-200x203.jpg 200w\" sizes=\"auto, (max-width: 1009px) 100vw, 1009px\" \/><\/figure><div class=\"wp-block-media-text__content\">\n<p>Os alunos Guilherme Franco\u00a0 do 8.\u00ba A e Tom\u00e1s Soares do 8.\u00ba B participaram no 1.\u00ba Encontro Regional de Clubes de Ci\u00eancia Viva na Escola, organizado pelo Centro de Ci\u00eancia Viva do Lousal, dinamizando atividades no \u00e2mbito do Projeto \u201cArte e Ci\u00eancia\u201d no dia 12 de fevereiro de 2025.<\/p>\n<\/div><\/div>\n\n\n\n<div style=\"height:50px\" aria-hidden=\"true\" class=\"wp-block-spacer\"><\/div>\n\n\n\n<figure class=\"wp-block-video\"><video height=\"1080\" style=\"aspect-ratio: 1920 \/ 1080;\" width=\"1920\" controls src=\"https:\/\/aecolos.edu.gov.pt\/wp-content\/uploads\/2025\/03\/Video_visita.mov\"><\/video><\/figure>\n","protected":false},"excerpt":{"rendered":"<p>Os alunos Guilherme Franco\u00a0 do 8.\u00ba A e Tom\u00e1s Soares do 8.\u00ba B participaram no 1.\u00ba Encontro Regional de Clubes de Ci\u00eancia Viva na Escola, organizado pelo Centro de Ci\u00eancia &#8230;<\/p>\n","protected":false},"author":1,"featured_media":2727,"comment_status":"open","ping_status":"open","sticky":false,"template":"","format":"standard","meta":{"pgc_sgb_lightbox_settings":"","footnotes":""},"categories":[48],"tags":[69],"class_list":["post-2726","post","type-post","status-publish","format-standard","has-post-thumbnail","hentry","category-atividades","tag-3o-ceb"],"_links":{"self":[{"href":"https:\/\/aecolos.edu.gov.pt\/index.php?rest_route=\/wp\/v2\/posts\/2726","targetHints":{"allow":["GET"]}}],"collection":[{"href":"https:\/\/aecolos.edu.gov.pt\/index.php?rest_route=\/wp\/v2\/posts"}],"about":[{"href":"https:\/\/aecolos.edu.gov.pt\/index.php?rest_route=\/wp\/v2\/types\/post"}],"author":[{"embeddable":true,"href":"https:\/\/aecolos.edu.gov.pt\/index.php?rest_route=\/wp\/v2\/users\/1"}],"replies":[{"embeddable":true,"href":"https:\/\/aecolos.edu.gov.pt\/index.php?rest_route=%2Fwp%2Fv2%2Fcomments&post=2726"}],"version-history":[{"count":1,"href":"https:\/\/aecolos.edu.gov.pt\/index.php?rest_route=\/wp\/v2\/posts\/2726\/revisions"}],"predecessor-version":[{"id":2729,"href":"https:\/\/aecolos.edu.gov.pt\/index.php?rest_route=\/wp\/v2\/posts\/2726\/revisions\/2729"}],"wp:featuredmedia":[{"embeddable":true,"href":"https:\/\/aecolos.edu.gov.pt\/index.php?rest_route=\/wp\/v2\/media\/2727"}],"wp:attachment":[{"href":"https:\/\/aecolos.edu.gov.pt\/index.php?rest_route=%2Fwp%2Fv2%2Fmedia&parent=2726"}],"wp:term":[{"taxonomy":"category","embeddable":true,"href":"https:\/\/aecolos.edu.gov.pt\/index.php?rest_route=%2Fwp%2Fv2%2Fcategories&post=2726"},{"taxonomy":"post_tag","embeddable":true,"href":"https:\/\/aecolos.edu.gov.pt\/index.php?rest_route=%2Fwp%2Fv2%2Ftags&post=2726"}],"curies":[{"name":"wp","href":"https:\/\/api.w.org\/{rel}","templated":true}]}}