{"id":2712,"date":"2025-03-12T12:39:21","date_gmt":"2025-03-12T12:39:21","guid":{"rendered":"https:\/\/aecolos.edu.gov.pt\/?p=2712"},"modified":"2025-03-12T12:39:21","modified_gmt":"2025-03-12T12:39:21","slug":"dia-internacional-da-protecao-civil","status":"publish","type":"post","link":"https:\/\/aecolos.edu.gov.pt\/?p=2712","title":{"rendered":"Dia Internacional da Prote\u00e7\u00e3o Civil"},"content":{"rendered":"\n<p>No passado dia 11 de Mar\u00e7o, as escolas de S\u00e3o Martinho e Rel\u00edquias foram a Odemira celebrar o dia internacional da prote\u00e7\u00e3o civil! Foram v\u00e1rias as entidades presentes no evento onde estas proporcionaram uma s\u00e9rie de atividades para as crian\u00e7as! As crian\u00e7as adoraram, foi um dia bem passado onde ficaram a aprender que todos s\u00e3o prote\u00e7\u00e3o civil, com pequenos atos todos podem ajudar! No final receberam uma mochila com uma pequena lista para o kit de emerg\u00eancia que todos podem ter em casa de preven\u00e7\u00e3o!<\/p>\n\n\n\n<div style=\"height:40px\" aria-hidden=\"true\" class=\"wp-block-spacer\"><\/div>\n\n\n\n<figure class=\"wp-block-video aligncenter\"><video height=\"272\" style=\"aspect-ratio: 480 \/ 272;\" width=\"480\" controls src=\"https:\/\/aecolos.edu.gov.pt\/wp-content\/uploads\/2025\/03\/Video.mov\"><\/video><\/figure>\n","protected":false},"excerpt":{"rendered":"<p>No passado dia 11 de Mar\u00e7o, as escolas de S\u00e3o Martinho e Rel\u00edquias foram a Odemira celebrar o dia internacional da prote\u00e7\u00e3o civil! Foram v\u00e1rias as entidades presentes no evento &#8230;<\/p>\n","protected":false},"author":1,"featured_media":2714,"comment_status":"open","ping_status":"open","sticky":false,"template":"","format":"standard","meta":{"pgc_sgb_lightbox_settings":"","footnotes":""},"categories":[48],"tags":[70,80],"class_list":["post-2712","post","type-post","status-publish","format-standard","has-post-thumbnail","hentry","category-atividades","tag-2o-ceb","tag-ji-sao-martinho-das-amoreiras"],"_links":{"self":[{"href":"https:\/\/aecolos.edu.gov.pt\/index.php?rest_route=\/wp\/v2\/posts\/2712","targetHints":{"allow":["GET"]}}],"collection":[{"href":"https:\/\/aecolos.edu.gov.pt\/index.php?rest_route=\/wp\/v2\/posts"}],"about":[{"href":"https:\/\/aecolos.edu.gov.pt\/index.php?rest_route=\/wp\/v2\/types\/post"}],"author":[{"embeddable":true,"href":"https:\/\/aecolos.edu.gov.pt\/index.php?rest_route=\/wp\/v2\/users\/1"}],"replies":[{"embeddable":true,"href":"https:\/\/aecolos.edu.gov.pt\/index.php?rest_route=%2Fwp%2Fv2%2Fcomments&post=2712"}],"version-history":[{"count":1,"href":"https:\/\/aecolos.edu.gov.pt\/index.php?rest_route=\/wp\/v2\/posts\/2712\/revisions"}],"predecessor-version":[{"id":2715,"href":"https:\/\/aecolos.edu.gov.pt\/index.php?rest_route=\/wp\/v2\/posts\/2712\/revisions\/2715"}],"wp:featuredmedia":[{"embeddable":true,"href":"https:\/\/aecolos.edu.gov.pt\/index.php?rest_route=\/wp\/v2\/media\/2714"}],"wp:attachment":[{"href":"https:\/\/aecolos.edu.gov.pt\/index.php?rest_route=%2Fwp%2Fv2%2Fmedia&parent=2712"}],"wp:term":[{"taxonomy":"category","embeddable":true,"href":"https:\/\/aecolos.edu.gov.pt\/index.php?rest_route=%2Fwp%2Fv2%2Fcategories&post=2712"},{"taxonomy":"post_tag","embeddable":true,"href":"https:\/\/aecolos.edu.gov.pt\/index.php?rest_route=%2Fwp%2Fv2%2Ftags&post=2712"}],"curies":[{"name":"wp","href":"https:\/\/api.w.org\/{rel}","templated":true}]}}