{"id":2692,"date":"2025-03-10T11:29:09","date_gmt":"2025-03-10T11:29:09","guid":{"rendered":"https:\/\/aecolos.edu.gov.pt\/?p=2692"},"modified":"2025-03-10T11:32:25","modified_gmt":"2025-03-10T11:32:25","slug":"dia-mundial-da-obesidade","status":"publish","type":"post","link":"https:\/\/aecolos.edu.gov.pt\/?p=2692","title":{"rendered":"Dia\u00a0Mundial\u00a0da Obesidade"},"content":{"rendered":"\n<p>No dia 4 de mar\u00e7o celebra-se o Dia\u00a0Mundial\u00a0da Obesidade, promovido pela Federa\u00e7\u00e3o Mundial da Obesidade, com o objetivo de melhorar a compreens\u00e3o, a preven\u00e7\u00e3o e o tratamento da obesidade no mundo.<\/p>\n\n\n\n<div style=\"height:40px\" aria-hidden=\"true\" class=\"wp-block-spacer\"><\/div>\n\n\n\n<figure class=\"wp-block-embed aligncenter is-type-video is-provider-youtube wp-block-embed-youtube wp-embed-aspect-16-9 wp-has-aspect-ratio\"><div class=\"wp-block-embed__wrapper\">\n<iframe loading=\"lazy\" title=\"Dia Mundial Da Obesidade\" width=\"800\" height=\"450\" src=\"https:\/\/www.youtube.com\/embed\/dst6G_mD3_w?feature=oembed\" frameborder=\"0\" allow=\"accelerometer; autoplay; clipboard-write; encrypted-media; gyroscope; picture-in-picture; web-share\" referrerpolicy=\"strict-origin-when-cross-origin\" allowfullscreen><\/iframe>\n<\/div><\/figure>\n","protected":false},"excerpt":{"rendered":"<p>No dia 4 de mar\u00e7o celebra-se o Dia\u00a0Mundial\u00a0da Obesidade, promovido pela Federa\u00e7\u00e3o Mundial da Obesidade, com o objetivo de melhorar a compreens\u00e3o, a preven\u00e7\u00e3o e o tratamento da obesidade no &#8230;<\/p>\n","protected":false},"author":1,"featured_media":2694,"comment_status":"open","ping_status":"open","sticky":false,"template":"","format":"standard","meta":{"pgc_sgb_lightbox_settings":"","footnotes":""},"categories":[5],"tags":[],"class_list":["post-2692","post","type-post","status-publish","format-standard","has-post-thumbnail","hentry","category-avisos"],"_links":{"self":[{"href":"https:\/\/aecolos.edu.gov.pt\/index.php?rest_route=\/wp\/v2\/posts\/2692","targetHints":{"allow":["GET"]}}],"collection":[{"href":"https:\/\/aecolos.edu.gov.pt\/index.php?rest_route=\/wp\/v2\/posts"}],"about":[{"href":"https:\/\/aecolos.edu.gov.pt\/index.php?rest_route=\/wp\/v2\/types\/post"}],"author":[{"embeddable":true,"href":"https:\/\/aecolos.edu.gov.pt\/index.php?rest_route=\/wp\/v2\/users\/1"}],"replies":[{"embeddable":true,"href":"https:\/\/aecolos.edu.gov.pt\/index.php?rest_route=%2Fwp%2Fv2%2Fcomments&post=2692"}],"version-history":[{"count":1,"href":"https:\/\/aecolos.edu.gov.pt\/index.php?rest_route=\/wp\/v2\/posts\/2692\/revisions"}],"predecessor-version":[{"id":2693,"href":"https:\/\/aecolos.edu.gov.pt\/index.php?rest_route=\/wp\/v2\/posts\/2692\/revisions\/2693"}],"wp:featuredmedia":[{"embeddable":true,"href":"https:\/\/aecolos.edu.gov.pt\/index.php?rest_route=\/wp\/v2\/media\/2694"}],"wp:attachment":[{"href":"https:\/\/aecolos.edu.gov.pt\/index.php?rest_route=%2Fwp%2Fv2%2Fmedia&parent=2692"}],"wp:term":[{"taxonomy":"category","embeddable":true,"href":"https:\/\/aecolos.edu.gov.pt\/index.php?rest_route=%2Fwp%2Fv2%2Fcategories&post=2692"},{"taxonomy":"post_tag","embeddable":true,"href":"https:\/\/aecolos.edu.gov.pt\/index.php?rest_route=%2Fwp%2Fv2%2Ftags&post=2692"}],"curies":[{"name":"wp","href":"https:\/\/api.w.org\/{rel}","templated":true}]}}