{"id":2577,"date":"2025-02-19T14:00:27","date_gmt":"2025-02-19T14:00:27","guid":{"rendered":"https:\/\/aecolos.edu.gov.pt\/?p=2577"},"modified":"2025-02-19T14:02:24","modified_gmt":"2025-02-19T14:02:24","slug":"espetaculo-isto-e-matematica-27-fevereiro","status":"publish","type":"post","link":"https:\/\/aecolos.edu.gov.pt\/?p=2577","title":{"rendered":"Espet\u00e1culo &#8220;isto \u00e9 MATEM\u00c1TICA&#8221; 27 Fevereiro"},"content":{"rendered":"\n<p><br>A atividade \u00e9 dirigida \u00e0s turmas do 5\u00b0 ao 9\u00b0 ano, tem a dura\u00e7\u00e3o de aproximadamente uma hora, e ter\u00e1 in\u00edcio \u00e0s 10:30 no sal\u00e3o de festas da Junta de Freguesia de Colos.<\/p>\n\n\n\n<div style=\"height:20px\" aria-hidden=\"true\" class=\"wp-block-spacer\"><\/div>\n\n\n\n<figure class=\"wp-block-gallery has-nested-images columns-default is-cropped wp-block-gallery-1 is-layout-flex wp-block-gallery-is-layout-flex\">\n<figure class=\"wp-block-image size-large\"><img loading=\"lazy\" decoding=\"async\" width=\"656\" height=\"1024\" data-id=\"2578\" src=\"https:\/\/aecolos.edu.gov.pt\/wp-content\/uploads\/2025\/02\/imagem-656x1024.png\" alt=\"\" class=\"wp-image-2578\" srcset=\"https:\/\/aecolos.edu.gov.pt\/wp-content\/uploads\/2025\/02\/imagem-656x1024.png 656w, https:\/\/aecolos.edu.gov.pt\/wp-content\/uploads\/2025\/02\/imagem-192x300.png 192w, https:\/\/aecolos.edu.gov.pt\/wp-content\/uploads\/2025\/02\/imagem-768x1200.png 768w, https:\/\/aecolos.edu.gov.pt\/wp-content\/uploads\/2025\/02\/imagem-983x1536.png 983w, https:\/\/aecolos.edu.gov.pt\/wp-content\/uploads\/2025\/02\/imagem-200x312.png 200w, https:\/\/aecolos.edu.gov.pt\/wp-content\/uploads\/2025\/02\/imagem.png 1091w\" sizes=\"auto, (max-width: 656px) 100vw, 656px\" \/><\/figure>\n<\/figure>\n","protected":false},"excerpt":{"rendered":"<p>A atividade \u00e9 dirigida \u00e0s turmas do 5\u00b0 ao 9\u00b0 ano, tem a dura\u00e7\u00e3o de aproximadamente uma hora, e ter\u00e1 in\u00edcio \u00e0s 10:30 no sal\u00e3o de festas da Junta de &#8230;<\/p>\n","protected":false},"author":1,"featured_media":2578,"comment_status":"open","ping_status":"open","sticky":false,"template":"","format":"standard","meta":{"pgc_sgb_lightbox_settings":"","footnotes":""},"categories":[5],"tags":[70,69],"class_list":["post-2577","post","type-post","status-publish","format-standard","has-post-thumbnail","hentry","category-avisos","tag-2o-ceb","tag-3o-ceb"],"_links":{"self":[{"href":"https:\/\/aecolos.edu.gov.pt\/index.php?rest_route=\/wp\/v2\/posts\/2577","targetHints":{"allow":["GET"]}}],"collection":[{"href":"https:\/\/aecolos.edu.gov.pt\/index.php?rest_route=\/wp\/v2\/posts"}],"about":[{"href":"https:\/\/aecolos.edu.gov.pt\/index.php?rest_route=\/wp\/v2\/types\/post"}],"author":[{"embeddable":true,"href":"https:\/\/aecolos.edu.gov.pt\/index.php?rest_route=\/wp\/v2\/users\/1"}],"replies":[{"embeddable":true,"href":"https:\/\/aecolos.edu.gov.pt\/index.php?rest_route=%2Fwp%2Fv2%2Fcomments&post=2577"}],"version-history":[{"count":3,"href":"https:\/\/aecolos.edu.gov.pt\/index.php?rest_route=\/wp\/v2\/posts\/2577\/revisions"}],"predecessor-version":[{"id":2581,"href":"https:\/\/aecolos.edu.gov.pt\/index.php?rest_route=\/wp\/v2\/posts\/2577\/revisions\/2581"}],"wp:featuredmedia":[{"embeddable":true,"href":"https:\/\/aecolos.edu.gov.pt\/index.php?rest_route=\/wp\/v2\/media\/2578"}],"wp:attachment":[{"href":"https:\/\/aecolos.edu.gov.pt\/index.php?rest_route=%2Fwp%2Fv2%2Fmedia&parent=2577"}],"wp:term":[{"taxonomy":"category","embeddable":true,"href":"https:\/\/aecolos.edu.gov.pt\/index.php?rest_route=%2Fwp%2Fv2%2Fcategories&post=2577"},{"taxonomy":"post_tag","embeddable":true,"href":"https:\/\/aecolos.edu.gov.pt\/index.php?rest_route=%2Fwp%2Fv2%2Ftags&post=2577"}],"curies":[{"name":"wp","href":"https:\/\/api.w.org\/{rel}","templated":true}]}}