{"id":2571,"date":"2025-02-18T09:31:22","date_gmt":"2025-02-18T09:31:22","guid":{"rendered":"https:\/\/aecolos.edu.gov.pt\/?p=2571"},"modified":"2025-02-18T09:31:24","modified_gmt":"2025-02-18T09:31:24","slug":"seminario-nacional-eco-escolas-2025","status":"publish","type":"post","link":"https:\/\/aecolos.edu.gov.pt\/?p=2571","title":{"rendered":"Semin\u00e1rio Nacional Eco-Escolas 2025"},"content":{"rendered":"\n<div class=\"wp-block-media-text is-stacked-on-mobile\"><figure class=\"wp-block-media-text__media\"><img loading=\"lazy\" decoding=\"async\" width=\"720\" height=\"1024\" src=\"https:\/\/aecolos.edu.gov.pt\/wp-content\/uploads\/2025\/02\/CARTAZ_SEMINARIO_ECO_ESCOLAS_2025_vf-scaled-2-720x1024.jpg\" alt=\"\" class=\"wp-image-2575 size-full\" srcset=\"https:\/\/aecolos.edu.gov.pt\/wp-content\/uploads\/2025\/02\/CARTAZ_SEMINARIO_ECO_ESCOLAS_2025_vf-scaled-2-720x1024.jpg 720w, https:\/\/aecolos.edu.gov.pt\/wp-content\/uploads\/2025\/02\/CARTAZ_SEMINARIO_ECO_ESCOLAS_2025_vf-scaled-2-211x300.jpg 211w, https:\/\/aecolos.edu.gov.pt\/wp-content\/uploads\/2025\/02\/CARTAZ_SEMINARIO_ECO_ESCOLAS_2025_vf-scaled-2-768x1092.jpg 768w, https:\/\/aecolos.edu.gov.pt\/wp-content\/uploads\/2025\/02\/CARTAZ_SEMINARIO_ECO_ESCOLAS_2025_vf-scaled-2-1080x1536.jpg 1080w, https:\/\/aecolos.edu.gov.pt\/wp-content\/uploads\/2025\/02\/CARTAZ_SEMINARIO_ECO_ESCOLAS_2025_vf-scaled-2-1440x2048.jpg 1440w, https:\/\/aecolos.edu.gov.pt\/wp-content\/uploads\/2025\/02\/CARTAZ_SEMINARIO_ECO_ESCOLAS_2025_vf-scaled-2-200x284.jpg 200w, https:\/\/aecolos.edu.gov.pt\/wp-content\/uploads\/2025\/02\/CARTAZ_SEMINARIO_ECO_ESCOLAS_2025_vf-scaled-2.jpg 1800w\" sizes=\"auto, (max-width: 720px) 100vw, 720px\" \/><\/figure><div class=\"wp-block-media-text__content\">\n<p>A Escola B\u00e1sica Aviador Brito Paes foi recentemente distinguida no Semin\u00e1rio Nacional Eco-Escolas 2025, realizado em Torres Novas, ap\u00f3s uma avalia\u00e7\u00e3o positiva da Comiss\u00e3o Nacional Eco-Escolas sobre a implementa\u00e7\u00e3o do programa na institui\u00e7\u00e3o. Representada pelas professoras Paula Rios Sousa e Graciete Santana, a escola recebeu a distin\u00e7\u00e3o durante o evento que decorreu de 17 a 19 de janeiro, com o apoio do munic\u00edpio de Torres Novas. O semin\u00e1rio, realizado no Teatro Virg\u00ednia e nos Bombeiros Volunt\u00e1rios de Torres Novas, incluiu confer\u00eancias, palestras, workshops, f\u00f3runs de debate, exposi\u00e7\u00f5es e uma eco-mostra, entre outras atividades.<\/p>\n<\/div><\/div>\n\n\n\n<figure class=\"wp-block-gallery has-nested-images columns-default is-cropped wp-block-gallery-1 is-layout-flex wp-block-gallery-is-layout-flex\">\n<figure class=\"wp-block-image size-large\"><img loading=\"lazy\" decoding=\"async\" width=\"800\" height=\"533\" data-id=\"2574\" src=\"https:\/\/aecolos.edu.gov.pt\/wp-content\/uploads\/2025\/02\/F_0177-1.jpg\" alt=\"\" class=\"wp-image-2574\" srcset=\"https:\/\/aecolos.edu.gov.pt\/wp-content\/uploads\/2025\/02\/F_0177-1.jpg 800w, https:\/\/aecolos.edu.gov.pt\/wp-content\/uploads\/2025\/02\/F_0177-1-300x200.jpg 300w, https:\/\/aecolos.edu.gov.pt\/wp-content\/uploads\/2025\/02\/F_0177-1-768x512.jpg 768w, https:\/\/aecolos.edu.gov.pt\/wp-content\/uploads\/2025\/02\/F_0177-1-200x133.jpg 200w\" sizes=\"auto, (max-width: 800px) 100vw, 800px\" \/><\/figure>\n<\/figure>\n","protected":false},"excerpt":{"rendered":"<p>A Escola B\u00e1sica Aviador Brito Paes foi recentemente distinguida no Semin\u00e1rio Nacional Eco-Escolas 2025, realizado em Torres Novas, ap\u00f3s uma avalia\u00e7\u00e3o positiva da Comiss\u00e3o Nacional Eco-Escolas sobre a implementa\u00e7\u00e3o do &#8230;<\/p>\n","protected":false},"author":1,"featured_media":2573,"comment_status":"open","ping_status":"open","sticky":false,"template":"","format":"standard","meta":{"pgc_sgb_lightbox_settings":"","footnotes":""},"categories":[48],"tags":[75],"class_list":["post-2571","post","type-post","status-publish","format-standard","has-post-thumbnail","hentry","category-atividades","tag-eco-escolas"],"_links":{"self":[{"href":"https:\/\/aecolos.edu.gov.pt\/index.php?rest_route=\/wp\/v2\/posts\/2571","targetHints":{"allow":["GET"]}}],"collection":[{"href":"https:\/\/aecolos.edu.gov.pt\/index.php?rest_route=\/wp\/v2\/posts"}],"about":[{"href":"https:\/\/aecolos.edu.gov.pt\/index.php?rest_route=\/wp\/v2\/types\/post"}],"author":[{"embeddable":true,"href":"https:\/\/aecolos.edu.gov.pt\/index.php?rest_route=\/wp\/v2\/users\/1"}],"replies":[{"embeddable":true,"href":"https:\/\/aecolos.edu.gov.pt\/index.php?rest_route=%2Fwp%2Fv2%2Fcomments&post=2571"}],"version-history":[{"count":1,"href":"https:\/\/aecolos.edu.gov.pt\/index.php?rest_route=\/wp\/v2\/posts\/2571\/revisions"}],"predecessor-version":[{"id":2576,"href":"https:\/\/aecolos.edu.gov.pt\/index.php?rest_route=\/wp\/v2\/posts\/2571\/revisions\/2576"}],"wp:featuredmedia":[{"embeddable":true,"href":"https:\/\/aecolos.edu.gov.pt\/index.php?rest_route=\/wp\/v2\/media\/2573"}],"wp:attachment":[{"href":"https:\/\/aecolos.edu.gov.pt\/index.php?rest_route=%2Fwp%2Fv2%2Fmedia&parent=2571"}],"wp:term":[{"taxonomy":"category","embeddable":true,"href":"https:\/\/aecolos.edu.gov.pt\/index.php?rest_route=%2Fwp%2Fv2%2Fcategories&post=2571"},{"taxonomy":"post_tag","embeddable":true,"href":"https:\/\/aecolos.edu.gov.pt\/index.php?rest_route=%2Fwp%2Fv2%2Ftags&post=2571"}],"curies":[{"name":"wp","href":"https:\/\/api.w.org\/{rel}","templated":true}]}}