{"id":2549,"date":"2025-02-16T10:09:04","date_gmt":"2025-02-16T10:09:04","guid":{"rendered":"https:\/\/aecolos.edu.gov.pt\/?p=2549"},"modified":"2025-02-16T10:09:05","modified_gmt":"2025-02-16T10:09:05","slug":"jovens-reporteres-para-o-ambiente","status":"publish","type":"post","link":"https:\/\/aecolos.edu.gov.pt\/?p=2549","title":{"rendered":"Jovens Rep\u00f3rteres para o Ambiente"},"content":{"rendered":"\n<p>Alunos da EB Aviador Brito Paes no Semin\u00e1rio Nacional 2024: Jovens Rep\u00f3rteres para o Ambiente.&nbsp;<\/p>\n\n\n\n<p>No \u00e2mbito do Programa Eco-Escolas, a Escola Secund\u00e1ria de Santa Maria em Sintra acolheu, de 15 a 17 de novembro, o Semin\u00e1rio Nacional 2024 &#8211; Jovens Rep\u00f3rteres para o Ambiente. O evento contou com a participa\u00e7\u00e3o dos alunos Ivri Nevo, Vicente Ferro, Vict\u00f3ria Santos e Yoel Piamenta, do 7.\u00ba ano da Escola B\u00e1sica Aviador Brito Paes, acompanhados pelas professoras Paula Rios Sousa e Graciete Santana.&nbsp;<br>O semin\u00e1rio reuniu estudantes e professores de diversos ciclos de ensino, todos com o objetivo comum de se tornarem Jovens Rep\u00f3rteres para o Ambiente. Durante o evento, os participantes tiveram a oportunidade de interagir com profissionais do jornalismo, participar em diversos workshops, realizar sa\u00eddas de campo e produzir reportagens. Al\u00e9m das atividades formativas, o semin\u00e1rio tamb\u00e9m proporcionou momentos de lazer, com m\u00fasica, dan\u00e7a e teatro, promovendo um ambiente de aprendizagem e conviv\u00eancia enriquecedor.<\/p>\n\n\n\n<figure class=\"wp-block-gallery has-nested-images columns-default is-cropped wp-block-gallery-1 is-layout-flex wp-block-gallery-is-layout-flex\">\n<figure class=\"wp-block-image size-large\"><img loading=\"lazy\" decoding=\"async\" width=\"724\" height=\"1024\" data-id=\"2564\" src=\"https:\/\/aecolos.edu.gov.pt\/wp-content\/uploads\/2025\/02\/aa.-CARTAZ_JRA_sem2024_versaofinal_image-724x1024.jpg\" alt=\"\" class=\"wp-image-2564\" srcset=\"https:\/\/aecolos.edu.gov.pt\/wp-content\/uploads\/2025\/02\/aa.-CARTAZ_JRA_sem2024_versaofinal_image-724x1024.jpg 724w, https:\/\/aecolos.edu.gov.pt\/wp-content\/uploads\/2025\/02\/aa.-CARTAZ_JRA_sem2024_versaofinal_image-212x300.jpg 212w, https:\/\/aecolos.edu.gov.pt\/wp-content\/uploads\/2025\/02\/aa.-CARTAZ_JRA_sem2024_versaofinal_image-768x1086.jpg 768w, https:\/\/aecolos.edu.gov.pt\/wp-content\/uploads\/2025\/02\/aa.-CARTAZ_JRA_sem2024_versaofinal_image-1086x1536.jpg 1086w, https:\/\/aecolos.edu.gov.pt\/wp-content\/uploads\/2025\/02\/aa.-CARTAZ_JRA_sem2024_versaofinal_image-200x283.jpg 200w, https:\/\/aecolos.edu.gov.pt\/wp-content\/uploads\/2025\/02\/aa.-CARTAZ_JRA_sem2024_versaofinal_image.jpg 1414w\" sizes=\"auto, (max-width: 724px) 100vw, 724px\" \/><\/figure>\n\n\n\n<figure class=\"wp-block-image size-large\"><img loading=\"lazy\" decoding=\"async\" width=\"1024\" height=\"683\" data-id=\"2558\" src=\"https:\/\/aecolos.edu.gov.pt\/wp-content\/uploads\/2025\/02\/a.-Participacao-no-Seminario-Nacional-JRA-2024-Sintra-1024x683.jpg\" alt=\"\" class=\"wp-image-2558\" srcset=\"https:\/\/aecolos.edu.gov.pt\/wp-content\/uploads\/2025\/02\/a.-Participacao-no-Seminario-Nacional-JRA-2024-Sintra-1024x683.jpg 1024w, https:\/\/aecolos.edu.gov.pt\/wp-content\/uploads\/2025\/02\/a.-Participacao-no-Seminario-Nacional-JRA-2024-Sintra-300x200.jpg 300w, https:\/\/aecolos.edu.gov.pt\/wp-content\/uploads\/2025\/02\/a.-Participacao-no-Seminario-Nacional-JRA-2024-Sintra-768x512.jpg 768w, https:\/\/aecolos.edu.gov.pt\/wp-content\/uploads\/2025\/02\/a.-Participacao-no-Seminario-Nacional-JRA-2024-Sintra-1536x1024.jpg 1536w, https:\/\/aecolos.edu.gov.pt\/wp-content\/uploads\/2025\/02\/a.-Participacao-no-Seminario-Nacional-JRA-2024-Sintra-200x133.jpg 200w, https:\/\/aecolos.edu.gov.pt\/wp-content\/uploads\/2025\/02\/a.-Participacao-no-Seminario-Nacional-JRA-2024-Sintra.jpg 1992w\" sizes=\"auto, (max-width: 1024px) 100vw, 1024px\" \/><\/figure>\n\n\n\n<figure class=\"wp-block-image size-large\"><img loading=\"lazy\" decoding=\"async\" width=\"768\" height=\"1024\" data-id=\"2568\" src=\"https:\/\/aecolos.edu.gov.pt\/wp-content\/uploads\/2025\/02\/b.-Sessao-de-abertura-768x1024.jpg\" alt=\"\" class=\"wp-image-2568\" srcset=\"https:\/\/aecolos.edu.gov.pt\/wp-content\/uploads\/2025\/02\/b.-Sessao-de-abertura-768x1024.jpg 768w, https:\/\/aecolos.edu.gov.pt\/wp-content\/uploads\/2025\/02\/b.-Sessao-de-abertura-225x300.jpg 225w, https:\/\/aecolos.edu.gov.pt\/wp-content\/uploads\/2025\/02\/b.-Sessao-de-abertura-1152x1536.jpg 1152w, https:\/\/aecolos.edu.gov.pt\/wp-content\/uploads\/2025\/02\/b.-Sessao-de-abertura-1536x2048.jpg 1536w, https:\/\/aecolos.edu.gov.pt\/wp-content\/uploads\/2025\/02\/b.-Sessao-de-abertura-200x267.jpg 200w, https:\/\/aecolos.edu.gov.pt\/wp-content\/uploads\/2025\/02\/b.-Sessao-de-abertura-scaled.jpg 1920w\" sizes=\"auto, (max-width: 768px) 100vw, 768px\" \/><\/figure>\n\n\n\n<figure class=\"wp-block-image size-large\"><img loading=\"lazy\" decoding=\"async\" width=\"1024\" height=\"683\" data-id=\"2552\" src=\"https:\/\/aecolos.edu.gov.pt\/wp-content\/uploads\/2025\/02\/c.-Visita-ao-Museu-de-Imprensa-Sintra-1024x683.jpg\" alt=\"\" class=\"wp-image-2552\" srcset=\"https:\/\/aecolos.edu.gov.pt\/wp-content\/uploads\/2025\/02\/c.-Visita-ao-Museu-de-Imprensa-Sintra-1024x683.jpg 1024w, https:\/\/aecolos.edu.gov.pt\/wp-content\/uploads\/2025\/02\/c.-Visita-ao-Museu-de-Imprensa-Sintra-300x200.jpg 300w, https:\/\/aecolos.edu.gov.pt\/wp-content\/uploads\/2025\/02\/c.-Visita-ao-Museu-de-Imprensa-Sintra-768x512.jpg 768w, https:\/\/aecolos.edu.gov.pt\/wp-content\/uploads\/2025\/02\/c.-Visita-ao-Museu-de-Imprensa-Sintra-1536x1024.jpg 1536w, https:\/\/aecolos.edu.gov.pt\/wp-content\/uploads\/2025\/02\/c.-Visita-ao-Museu-de-Imprensa-Sintra-200x133.jpg 200w, https:\/\/aecolos.edu.gov.pt\/wp-content\/uploads\/2025\/02\/c.-Visita-ao-Museu-de-Imprensa-Sintra.jpg 1992w\" sizes=\"auto, (max-width: 1024px) 100vw, 1024px\" \/><\/figure>\n\n\n\n<figure class=\"wp-block-image size-large\"><img loading=\"lazy\" decoding=\"async\" width=\"1024\" height=\"683\" data-id=\"2557\" src=\"https:\/\/aecolos.edu.gov.pt\/wp-content\/uploads\/2025\/02\/d.-Dia-1-Workshops-sobre-tecnicas-de-jornalismo-aluna-Victoria-Santos.-2-1024x683.jpg\" alt=\"\" class=\"wp-image-2557\" srcset=\"https:\/\/aecolos.edu.gov.pt\/wp-content\/uploads\/2025\/02\/d.-Dia-1-Workshops-sobre-tecnicas-de-jornalismo-aluna-Victoria-Santos.-2-1024x683.jpg 1024w, https:\/\/aecolos.edu.gov.pt\/wp-content\/uploads\/2025\/02\/d.-Dia-1-Workshops-sobre-tecnicas-de-jornalismo-aluna-Victoria-Santos.-2-300x200.jpg 300w, https:\/\/aecolos.edu.gov.pt\/wp-content\/uploads\/2025\/02\/d.-Dia-1-Workshops-sobre-tecnicas-de-jornalismo-aluna-Victoria-Santos.-2-768x512.jpg 768w, https:\/\/aecolos.edu.gov.pt\/wp-content\/uploads\/2025\/02\/d.-Dia-1-Workshops-sobre-tecnicas-de-jornalismo-aluna-Victoria-Santos.-2-1536x1024.jpg 1536w, https:\/\/aecolos.edu.gov.pt\/wp-content\/uploads\/2025\/02\/d.-Dia-1-Workshops-sobre-tecnicas-de-jornalismo-aluna-Victoria-Santos.-2-200x133.jpg 200w, https:\/\/aecolos.edu.gov.pt\/wp-content\/uploads\/2025\/02\/d.-Dia-1-Workshops-sobre-tecnicas-de-jornalismo-aluna-Victoria-Santos.-2.jpg 1992w\" sizes=\"auto, (max-width: 1024px) 100vw, 1024px\" \/><\/figure>\n\n\n\n<figure class=\"wp-block-image size-large\"><img loading=\"lazy\" decoding=\"async\" width=\"860\" height=\"625\" data-id=\"2551\" src=\"https:\/\/aecolos.edu.gov.pt\/wp-content\/uploads\/2025\/02\/d.-Dia-1-Workshops-sobre-tecnicas-de-jornalismo-aluno-Ivri-Nevo.jpg\" alt=\"\" class=\"wp-image-2551\" srcset=\"https:\/\/aecolos.edu.gov.pt\/wp-content\/uploads\/2025\/02\/d.-Dia-1-Workshops-sobre-tecnicas-de-jornalismo-aluno-Ivri-Nevo.jpg 860w, https:\/\/aecolos.edu.gov.pt\/wp-content\/uploads\/2025\/02\/d.-Dia-1-Workshops-sobre-tecnicas-de-jornalismo-aluno-Ivri-Nevo-300x218.jpg 300w, https:\/\/aecolos.edu.gov.pt\/wp-content\/uploads\/2025\/02\/d.-Dia-1-Workshops-sobre-tecnicas-de-jornalismo-aluno-Ivri-Nevo-768x558.jpg 768w, https:\/\/aecolos.edu.gov.pt\/wp-content\/uploads\/2025\/02\/d.-Dia-1-Workshops-sobre-tecnicas-de-jornalismo-aluno-Ivri-Nevo-200x145.jpg 200w\" sizes=\"auto, (max-width: 860px) 100vw, 860px\" \/><\/figure>\n\n\n\n<figure class=\"wp-block-image size-large\"><img loading=\"lazy\" decoding=\"async\" width=\"1024\" height=\"528\" data-id=\"2555\" src=\"https:\/\/aecolos.edu.gov.pt\/wp-content\/uploads\/2025\/02\/d.-Dia-1-Workshops-sobre-tecnicas-de-jornalismo-aluno-Vicente-Ferro-1024x528.jpg\" alt=\"\" class=\"wp-image-2555\" srcset=\"https:\/\/aecolos.edu.gov.pt\/wp-content\/uploads\/2025\/02\/d.-Dia-1-Workshops-sobre-tecnicas-de-jornalismo-aluno-Vicente-Ferro-1024x528.jpg 1024w, https:\/\/aecolos.edu.gov.pt\/wp-content\/uploads\/2025\/02\/d.-Dia-1-Workshops-sobre-tecnicas-de-jornalismo-aluno-Vicente-Ferro-300x155.jpg 300w, https:\/\/aecolos.edu.gov.pt\/wp-content\/uploads\/2025\/02\/d.-Dia-1-Workshops-sobre-tecnicas-de-jornalismo-aluno-Vicente-Ferro-768x396.jpg 768w, https:\/\/aecolos.edu.gov.pt\/wp-content\/uploads\/2025\/02\/d.-Dia-1-Workshops-sobre-tecnicas-de-jornalismo-aluno-Vicente-Ferro-1536x792.jpg 1536w, https:\/\/aecolos.edu.gov.pt\/wp-content\/uploads\/2025\/02\/d.-Dia-1-Workshops-sobre-tecnicas-de-jornalismo-aluno-Vicente-Ferro-200x103.jpg 200w, https:\/\/aecolos.edu.gov.pt\/wp-content\/uploads\/2025\/02\/d.-Dia-1-Workshops-sobre-tecnicas-de-jornalismo-aluno-Vicente-Ferro.jpg 1992w\" sizes=\"auto, (max-width: 1024px) 100vw, 1024px\" \/><\/figure>\n\n\n\n<figure class=\"wp-block-image size-large\"><img loading=\"lazy\" decoding=\"async\" width=\"1024\" height=\"683\" data-id=\"2566\" src=\"https:\/\/aecolos.edu.gov.pt\/wp-content\/uploads\/2025\/02\/d.-Dia-1-Workshops-sobre-tecnicas-de-jornalismo-aluno-Yoel-Piamenta-1024x683.jpg\" alt=\"\" class=\"wp-image-2566\" srcset=\"https:\/\/aecolos.edu.gov.pt\/wp-content\/uploads\/2025\/02\/d.-Dia-1-Workshops-sobre-tecnicas-de-jornalismo-aluno-Yoel-Piamenta-1024x683.jpg 1024w, https:\/\/aecolos.edu.gov.pt\/wp-content\/uploads\/2025\/02\/d.-Dia-1-Workshops-sobre-tecnicas-de-jornalismo-aluno-Yoel-Piamenta-300x200.jpg 300w, https:\/\/aecolos.edu.gov.pt\/wp-content\/uploads\/2025\/02\/d.-Dia-1-Workshops-sobre-tecnicas-de-jornalismo-aluno-Yoel-Piamenta-768x512.jpg 768w, https:\/\/aecolos.edu.gov.pt\/wp-content\/uploads\/2025\/02\/d.-Dia-1-Workshops-sobre-tecnicas-de-jornalismo-aluno-Yoel-Piamenta-1536x1024.jpg 1536w, https:\/\/aecolos.edu.gov.pt\/wp-content\/uploads\/2025\/02\/d.-Dia-1-Workshops-sobre-tecnicas-de-jornalismo-aluno-Yoel-Piamenta-200x133.jpg 200w, https:\/\/aecolos.edu.gov.pt\/wp-content\/uploads\/2025\/02\/d.-Dia-1-Workshops-sobre-tecnicas-de-jornalismo-aluno-Yoel-Piamenta.jpg 1992w\" sizes=\"auto, (max-width: 1024px) 100vw, 1024px\" \/><\/figure>\n\n\n\n<figure class=\"wp-block-image size-large\"><img loading=\"lazy\" decoding=\"async\" width=\"923\" height=\"542\" data-id=\"2565\" src=\"https:\/\/aecolos.edu.gov.pt\/wp-content\/uploads\/2025\/02\/d.-Dia-1-Workshops-sobre-tecnicas-de-jornalismo-Prof.a-Paula-Rios-Sousa-e-Graciete-Santana.jpg\" alt=\"\" class=\"wp-image-2565\" srcset=\"https:\/\/aecolos.edu.gov.pt\/wp-content\/uploads\/2025\/02\/d.-Dia-1-Workshops-sobre-tecnicas-de-jornalismo-Prof.a-Paula-Rios-Sousa-e-Graciete-Santana.jpg 923w, https:\/\/aecolos.edu.gov.pt\/wp-content\/uploads\/2025\/02\/d.-Dia-1-Workshops-sobre-tecnicas-de-jornalismo-Prof.a-Paula-Rios-Sousa-e-Graciete-Santana-300x176.jpg 300w, https:\/\/aecolos.edu.gov.pt\/wp-content\/uploads\/2025\/02\/d.-Dia-1-Workshops-sobre-tecnicas-de-jornalismo-Prof.a-Paula-Rios-Sousa-e-Graciete-Santana-768x451.jpg 768w, https:\/\/aecolos.edu.gov.pt\/wp-content\/uploads\/2025\/02\/d.-Dia-1-Workshops-sobre-tecnicas-de-jornalismo-Prof.a-Paula-Rios-Sousa-e-Graciete-Santana-200x117.jpg 200w\" sizes=\"auto, (max-width: 923px) 100vw, 923px\" \/><\/figure>\n\n\n\n<figure class=\"wp-block-image size-large\"><img loading=\"lazy\" decoding=\"async\" width=\"1024\" height=\"683\" data-id=\"2554\" src=\"https:\/\/aecolos.edu.gov.pt\/wp-content\/uploads\/2025\/02\/Dia-2-Producao-de-Reportagens-\u2013-aluno-Vicente-Ferro-1024x683.jpg\" alt=\"\" class=\"wp-image-2554\" srcset=\"https:\/\/aecolos.edu.gov.pt\/wp-content\/uploads\/2025\/02\/Dia-2-Producao-de-Reportagens-\u2013-aluno-Vicente-Ferro-1024x683.jpg 1024w, https:\/\/aecolos.edu.gov.pt\/wp-content\/uploads\/2025\/02\/Dia-2-Producao-de-Reportagens-\u2013-aluno-Vicente-Ferro-300x200.jpg 300w, https:\/\/aecolos.edu.gov.pt\/wp-content\/uploads\/2025\/02\/Dia-2-Producao-de-Reportagens-\u2013-aluno-Vicente-Ferro-768x512.jpg 768w, https:\/\/aecolos.edu.gov.pt\/wp-content\/uploads\/2025\/02\/Dia-2-Producao-de-Reportagens-\u2013-aluno-Vicente-Ferro-1536x1024.jpg 1536w, https:\/\/aecolos.edu.gov.pt\/wp-content\/uploads\/2025\/02\/Dia-2-Producao-de-Reportagens-\u2013-aluno-Vicente-Ferro-200x133.jpg 200w, https:\/\/aecolos.edu.gov.pt\/wp-content\/uploads\/2025\/02\/Dia-2-Producao-de-Reportagens-\u2013-aluno-Vicente-Ferro.jpg 1992w\" sizes=\"auto, (max-width: 1024px) 100vw, 1024px\" \/><\/figure>\n\n\n\n<figure class=\"wp-block-image size-large\"><img loading=\"lazy\" decoding=\"async\" width=\"1024\" height=\"683\" data-id=\"2559\" src=\"https:\/\/aecolos.edu.gov.pt\/wp-content\/uploads\/2025\/02\/Dia-3-Apresentacao-das-reportagens-aluno-Vicente-Ferro-1024x683.jpg\" alt=\"\" class=\"wp-image-2559\" srcset=\"https:\/\/aecolos.edu.gov.pt\/wp-content\/uploads\/2025\/02\/Dia-3-Apresentacao-das-reportagens-aluno-Vicente-Ferro-1024x683.jpg 1024w, https:\/\/aecolos.edu.gov.pt\/wp-content\/uploads\/2025\/02\/Dia-3-Apresentacao-das-reportagens-aluno-Vicente-Ferro-300x200.jpg 300w, https:\/\/aecolos.edu.gov.pt\/wp-content\/uploads\/2025\/02\/Dia-3-Apresentacao-das-reportagens-aluno-Vicente-Ferro-768x512.jpg 768w, https:\/\/aecolos.edu.gov.pt\/wp-content\/uploads\/2025\/02\/Dia-3-Apresentacao-das-reportagens-aluno-Vicente-Ferro-1536x1024.jpg 1536w, https:\/\/aecolos.edu.gov.pt\/wp-content\/uploads\/2025\/02\/Dia-3-Apresentacao-das-reportagens-aluno-Vicente-Ferro-200x133.jpg 200w, https:\/\/aecolos.edu.gov.pt\/wp-content\/uploads\/2025\/02\/Dia-3-Apresentacao-das-reportagens-aluno-Vicente-Ferro.jpg 1992w\" sizes=\"auto, (max-width: 1024px) 100vw, 1024px\" \/><\/figure>\n\n\n\n<figure class=\"wp-block-image size-large\"><img loading=\"lazy\" decoding=\"async\" width=\"1024\" height=\"683\" data-id=\"2561\" src=\"https:\/\/aecolos.edu.gov.pt\/wp-content\/uploads\/2025\/02\/Dia-3-Apresentacao-das-reportagens-Prof.as-Paula-Rios-Sousa-e-Graciete-Santana-1024x683.jpg\" alt=\"\" class=\"wp-image-2561\" srcset=\"https:\/\/aecolos.edu.gov.pt\/wp-content\/uploads\/2025\/02\/Dia-3-Apresentacao-das-reportagens-Prof.as-Paula-Rios-Sousa-e-Graciete-Santana-1024x683.jpg 1024w, https:\/\/aecolos.edu.gov.pt\/wp-content\/uploads\/2025\/02\/Dia-3-Apresentacao-das-reportagens-Prof.as-Paula-Rios-Sousa-e-Graciete-Santana-300x200.jpg 300w, https:\/\/aecolos.edu.gov.pt\/wp-content\/uploads\/2025\/02\/Dia-3-Apresentacao-das-reportagens-Prof.as-Paula-Rios-Sousa-e-Graciete-Santana-768x512.jpg 768w, https:\/\/aecolos.edu.gov.pt\/wp-content\/uploads\/2025\/02\/Dia-3-Apresentacao-das-reportagens-Prof.as-Paula-Rios-Sousa-e-Graciete-Santana-1536x1024.jpg 1536w, https:\/\/aecolos.edu.gov.pt\/wp-content\/uploads\/2025\/02\/Dia-3-Apresentacao-das-reportagens-Prof.as-Paula-Rios-Sousa-e-Graciete-Santana-200x133.jpg 200w, https:\/\/aecolos.edu.gov.pt\/wp-content\/uploads\/2025\/02\/Dia-3-Apresentacao-das-reportagens-Prof.as-Paula-Rios-Sousa-e-Graciete-Santana.jpg 1992w\" sizes=\"auto, (max-width: 1024px) 100vw, 1024px\" \/><\/figure>\n\n\n\n<figure class=\"wp-block-image size-large\"><img loading=\"lazy\" decoding=\"async\" width=\"1024\" height=\"683\" data-id=\"2562\" src=\"https:\/\/aecolos.edu.gov.pt\/wp-content\/uploads\/2025\/02\/e.-Dia-2-Producao-de-Reportagens-\u2013-aluna-Victoria-Santos-1024x683.jpg\" alt=\"\" class=\"wp-image-2562\" srcset=\"https:\/\/aecolos.edu.gov.pt\/wp-content\/uploads\/2025\/02\/e.-Dia-2-Producao-de-Reportagens-\u2013-aluna-Victoria-Santos-1024x683.jpg 1024w, https:\/\/aecolos.edu.gov.pt\/wp-content\/uploads\/2025\/02\/e.-Dia-2-Producao-de-Reportagens-\u2013-aluna-Victoria-Santos-300x200.jpg 300w, https:\/\/aecolos.edu.gov.pt\/wp-content\/uploads\/2025\/02\/e.-Dia-2-Producao-de-Reportagens-\u2013-aluna-Victoria-Santos-768x512.jpg 768w, https:\/\/aecolos.edu.gov.pt\/wp-content\/uploads\/2025\/02\/e.-Dia-2-Producao-de-Reportagens-\u2013-aluna-Victoria-Santos-1536x1024.jpg 1536w, https:\/\/aecolos.edu.gov.pt\/wp-content\/uploads\/2025\/02\/e.-Dia-2-Producao-de-Reportagens-\u2013-aluna-Victoria-Santos-200x133.jpg 200w, https:\/\/aecolos.edu.gov.pt\/wp-content\/uploads\/2025\/02\/e.-Dia-2-Producao-de-Reportagens-\u2013-aluna-Victoria-Santos.jpg 1992w\" sizes=\"auto, (max-width: 1024px) 100vw, 1024px\" \/><\/figure>\n\n\n\n<figure class=\"wp-block-image size-large\"><img loading=\"lazy\" decoding=\"async\" width=\"1024\" height=\"683\" data-id=\"2553\" src=\"https:\/\/aecolos.edu.gov.pt\/wp-content\/uploads\/2025\/02\/e.-Dia-2-Producao-de-Reportagens-\u2013-aluno-Ivri-Nevo-1024x683.jpg\" alt=\"\" class=\"wp-image-2553\" srcset=\"https:\/\/aecolos.edu.gov.pt\/wp-content\/uploads\/2025\/02\/e.-Dia-2-Producao-de-Reportagens-\u2013-aluno-Ivri-Nevo-1024x683.jpg 1024w, https:\/\/aecolos.edu.gov.pt\/wp-content\/uploads\/2025\/02\/e.-Dia-2-Producao-de-Reportagens-\u2013-aluno-Ivri-Nevo-300x200.jpg 300w, https:\/\/aecolos.edu.gov.pt\/wp-content\/uploads\/2025\/02\/e.-Dia-2-Producao-de-Reportagens-\u2013-aluno-Ivri-Nevo-768x512.jpg 768w, https:\/\/aecolos.edu.gov.pt\/wp-content\/uploads\/2025\/02\/e.-Dia-2-Producao-de-Reportagens-\u2013-aluno-Ivri-Nevo-1536x1024.jpg 1536w, https:\/\/aecolos.edu.gov.pt\/wp-content\/uploads\/2025\/02\/e.-Dia-2-Producao-de-Reportagens-\u2013-aluno-Ivri-Nevo-200x133.jpg 200w, https:\/\/aecolos.edu.gov.pt\/wp-content\/uploads\/2025\/02\/e.-Dia-2-Producao-de-Reportagens-\u2013-aluno-Ivri-Nevo.jpg 1992w\" sizes=\"auto, (max-width: 1024px) 100vw, 1024px\" \/><\/figure>\n\n\n\n<figure class=\"wp-block-image size-large\"><img loading=\"lazy\" decoding=\"async\" width=\"1024\" height=\"683\" data-id=\"2550\" src=\"https:\/\/aecolos.edu.gov.pt\/wp-content\/uploads\/2025\/02\/e.-Dia-2-Producao-de-Reportagens-\u2013-aluno-Yoel-Piamenta-1024x683.jpg\" alt=\"\" class=\"wp-image-2550\" srcset=\"https:\/\/aecolos.edu.gov.pt\/wp-content\/uploads\/2025\/02\/e.-Dia-2-Producao-de-Reportagens-\u2013-aluno-Yoel-Piamenta-1024x683.jpg 1024w, https:\/\/aecolos.edu.gov.pt\/wp-content\/uploads\/2025\/02\/e.-Dia-2-Producao-de-Reportagens-\u2013-aluno-Yoel-Piamenta-300x200.jpg 300w, https:\/\/aecolos.edu.gov.pt\/wp-content\/uploads\/2025\/02\/e.-Dia-2-Producao-de-Reportagens-\u2013-aluno-Yoel-Piamenta-768x512.jpg 768w, https:\/\/aecolos.edu.gov.pt\/wp-content\/uploads\/2025\/02\/e.-Dia-2-Producao-de-Reportagens-\u2013-aluno-Yoel-Piamenta-200x133.jpg 200w, https:\/\/aecolos.edu.gov.pt\/wp-content\/uploads\/2025\/02\/e.-Dia-2-Producao-de-Reportagens-\u2013-aluno-Yoel-Piamenta.jpg 1080w\" sizes=\"auto, (max-width: 1024px) 100vw, 1024px\" \/><\/figure>\n\n\n\n<figure class=\"wp-block-image size-large\"><img loading=\"lazy\" decoding=\"async\" width=\"1024\" height=\"683\" data-id=\"2563\" src=\"https:\/\/aecolos.edu.gov.pt\/wp-content\/uploads\/2025\/02\/e.-Dia-3-Apresentacao-das-reportagens-aluna-Victoria-Santos-1024x683.jpg\" alt=\"\" class=\"wp-image-2563\" srcset=\"https:\/\/aecolos.edu.gov.pt\/wp-content\/uploads\/2025\/02\/e.-Dia-3-Apresentacao-das-reportagens-aluna-Victoria-Santos-1024x683.jpg 1024w, https:\/\/aecolos.edu.gov.pt\/wp-content\/uploads\/2025\/02\/e.-Dia-3-Apresentacao-das-reportagens-aluna-Victoria-Santos-300x200.jpg 300w, https:\/\/aecolos.edu.gov.pt\/wp-content\/uploads\/2025\/02\/e.-Dia-3-Apresentacao-das-reportagens-aluna-Victoria-Santos-768x512.jpg 768w, https:\/\/aecolos.edu.gov.pt\/wp-content\/uploads\/2025\/02\/e.-Dia-3-Apresentacao-das-reportagens-aluna-Victoria-Santos-1536x1024.jpg 1536w, https:\/\/aecolos.edu.gov.pt\/wp-content\/uploads\/2025\/02\/e.-Dia-3-Apresentacao-das-reportagens-aluna-Victoria-Santos-200x133.jpg 200w, https:\/\/aecolos.edu.gov.pt\/wp-content\/uploads\/2025\/02\/e.-Dia-3-Apresentacao-das-reportagens-aluna-Victoria-Santos.jpg 1992w\" sizes=\"auto, (max-width: 1024px) 100vw, 1024px\" \/><\/figure>\n\n\n\n<figure class=\"wp-block-image size-large\"><img loading=\"lazy\" decoding=\"async\" width=\"1024\" height=\"683\" data-id=\"2556\" src=\"https:\/\/aecolos.edu.gov.pt\/wp-content\/uploads\/2025\/02\/e.-Dia-3-Apresentacao-das-reportagens-aluno-Ivri-Nevo-1024x683.jpg\" alt=\"\" class=\"wp-image-2556\" srcset=\"https:\/\/aecolos.edu.gov.pt\/wp-content\/uploads\/2025\/02\/e.-Dia-3-Apresentacao-das-reportagens-aluno-Ivri-Nevo-1024x683.jpg 1024w, https:\/\/aecolos.edu.gov.pt\/wp-content\/uploads\/2025\/02\/e.-Dia-3-Apresentacao-das-reportagens-aluno-Ivri-Nevo-300x200.jpg 300w, https:\/\/aecolos.edu.gov.pt\/wp-content\/uploads\/2025\/02\/e.-Dia-3-Apresentacao-das-reportagens-aluno-Ivri-Nevo-768x512.jpg 768w, https:\/\/aecolos.edu.gov.pt\/wp-content\/uploads\/2025\/02\/e.-Dia-3-Apresentacao-das-reportagens-aluno-Ivri-Nevo-1536x1024.jpg 1536w, https:\/\/aecolos.edu.gov.pt\/wp-content\/uploads\/2025\/02\/e.-Dia-3-Apresentacao-das-reportagens-aluno-Ivri-Nevo-200x133.jpg 200w, https:\/\/aecolos.edu.gov.pt\/wp-content\/uploads\/2025\/02\/e.-Dia-3-Apresentacao-das-reportagens-aluno-Ivri-Nevo.jpg 1992w\" sizes=\"auto, (max-width: 1024px) 100vw, 1024px\" \/><\/figure>\n\n\n\n<figure class=\"wp-block-image size-large\"><img loading=\"lazy\" decoding=\"async\" width=\"586\" height=\"1024\" data-id=\"2560\" src=\"https:\/\/aecolos.edu.gov.pt\/wp-content\/uploads\/2025\/02\/e.-Dia-3-Apresentacao-das-reportagens-aluno-Yoel-Piamenta-586x1024.jpg\" alt=\"\" class=\"wp-image-2560\" srcset=\"https:\/\/aecolos.edu.gov.pt\/wp-content\/uploads\/2025\/02\/e.-Dia-3-Apresentacao-das-reportagens-aluno-Yoel-Piamenta-586x1024.jpg 586w, https:\/\/aecolos.edu.gov.pt\/wp-content\/uploads\/2025\/02\/e.-Dia-3-Apresentacao-das-reportagens-aluno-Yoel-Piamenta-172x300.jpg 172w, https:\/\/aecolos.edu.gov.pt\/wp-content\/uploads\/2025\/02\/e.-Dia-3-Apresentacao-das-reportagens-aluno-Yoel-Piamenta-200x349.jpg 200w, https:\/\/aecolos.edu.gov.pt\/wp-content\/uploads\/2025\/02\/e.-Dia-3-Apresentacao-das-reportagens-aluno-Yoel-Piamenta.jpg 597w\" sizes=\"auto, (max-width: 586px) 100vw, 586px\" \/><\/figure>\n\n\n\n<figure class=\"wp-block-image size-large\"><img loading=\"lazy\" decoding=\"async\" width=\"1024\" height=\"796\" data-id=\"2567\" src=\"https:\/\/aecolos.edu.gov.pt\/wp-content\/uploads\/2025\/02\/f.-Jovens-Reporteres-do-Ambiente-da-EB-Aviador-Brito-Paes-1024x796.jpg\" alt=\"\" class=\"wp-image-2567\" srcset=\"https:\/\/aecolos.edu.gov.pt\/wp-content\/uploads\/2025\/02\/f.-Jovens-Reporteres-do-Ambiente-da-EB-Aviador-Brito-Paes-1024x796.jpg 1024w, https:\/\/aecolos.edu.gov.pt\/wp-content\/uploads\/2025\/02\/f.-Jovens-Reporteres-do-Ambiente-da-EB-Aviador-Brito-Paes-300x233.jpg 300w, https:\/\/aecolos.edu.gov.pt\/wp-content\/uploads\/2025\/02\/f.-Jovens-Reporteres-do-Ambiente-da-EB-Aviador-Brito-Paes-768x597.jpg 768w, https:\/\/aecolos.edu.gov.pt\/wp-content\/uploads\/2025\/02\/f.-Jovens-Reporteres-do-Ambiente-da-EB-Aviador-Brito-Paes-1536x1194.jpg 1536w, https:\/\/aecolos.edu.gov.pt\/wp-content\/uploads\/2025\/02\/f.-Jovens-Reporteres-do-Ambiente-da-EB-Aviador-Brito-Paes-2048x1592.jpg 2048w, https:\/\/aecolos.edu.gov.pt\/wp-content\/uploads\/2025\/02\/f.-Jovens-Reporteres-do-Ambiente-da-EB-Aviador-Brito-Paes-200x155.jpg 200w\" sizes=\"auto, (max-width: 1024px) 100vw, 1024px\" \/><\/figure>\n\n\n\n<figure class=\"wp-block-image size-large\"><img loading=\"lazy\" decoding=\"async\" width=\"1024\" height=\"768\" data-id=\"2569\" src=\"https:\/\/aecolos.edu.gov.pt\/wp-content\/uploads\/2025\/02\/g.-Regresso-a-EB-Aviador-Brito-Paes-1024x768.jpg\" alt=\"\" class=\"wp-image-2569\" srcset=\"https:\/\/aecolos.edu.gov.pt\/wp-content\/uploads\/2025\/02\/g.-Regresso-a-EB-Aviador-Brito-Paes-1024x768.jpg 1024w, https:\/\/aecolos.edu.gov.pt\/wp-content\/uploads\/2025\/02\/g.-Regresso-a-EB-Aviador-Brito-Paes-300x225.jpg 300w, https:\/\/aecolos.edu.gov.pt\/wp-content\/uploads\/2025\/02\/g.-Regresso-a-EB-Aviador-Brito-Paes-768x576.jpg 768w, https:\/\/aecolos.edu.gov.pt\/wp-content\/uploads\/2025\/02\/g.-Regresso-a-EB-Aviador-Brito-Paes-1536x1152.jpg 1536w, https:\/\/aecolos.edu.gov.pt\/wp-content\/uploads\/2025\/02\/g.-Regresso-a-EB-Aviador-Brito-Paes-2048x1536.jpg 2048w, https:\/\/aecolos.edu.gov.pt\/wp-content\/uploads\/2025\/02\/g.-Regresso-a-EB-Aviador-Brito-Paes-200x150.jpg 200w\" sizes=\"auto, (max-width: 1024px) 100vw, 1024px\" \/><\/figure>\n<\/figure>\n","protected":false},"excerpt":{"rendered":"<p>Alunos da EB Aviador Brito Paes no Semin\u00e1rio Nacional 2024: Jovens Rep\u00f3rteres para o Ambiente.&nbsp; No \u00e2mbito do Programa Eco-Escolas, a Escola Secund\u00e1ria de Santa Maria em Sintra acolheu, de &#8230;<\/p>\n","protected":false},"author":1,"featured_media":2564,"comment_status":"open","ping_status":"open","sticky":false,"template":"","format":"standard","meta":{"pgc_sgb_lightbox_settings":"","footnotes":""},"categories":[48],"tags":[69],"class_list":["post-2549","post","type-post","status-publish","format-standard","has-post-thumbnail","hentry","category-atividades","tag-3o-ceb"],"_links":{"self":[{"href":"https:\/\/aecolos.edu.gov.pt\/index.php?rest_route=\/wp\/v2\/posts\/2549","targetHints":{"allow":["GET"]}}],"collection":[{"href":"https:\/\/aecolos.edu.gov.pt\/index.php?rest_route=\/wp\/v2\/posts"}],"about":[{"href":"https:\/\/aecolos.edu.gov.pt\/index.php?rest_route=\/wp\/v2\/types\/post"}],"author":[{"embeddable":true,"href":"https:\/\/aecolos.edu.gov.pt\/index.php?rest_route=\/wp\/v2\/users\/1"}],"replies":[{"embeddable":true,"href":"https:\/\/aecolos.edu.gov.pt\/index.php?rest_route=%2Fwp%2Fv2%2Fcomments&post=2549"}],"version-history":[{"count":1,"href":"https:\/\/aecolos.edu.gov.pt\/index.php?rest_route=\/wp\/v2\/posts\/2549\/revisions"}],"predecessor-version":[{"id":2570,"href":"https:\/\/aecolos.edu.gov.pt\/index.php?rest_route=\/wp\/v2\/posts\/2549\/revisions\/2570"}],"wp:featuredmedia":[{"embeddable":true,"href":"https:\/\/aecolos.edu.gov.pt\/index.php?rest_route=\/wp\/v2\/media\/2564"}],"wp:attachment":[{"href":"https:\/\/aecolos.edu.gov.pt\/index.php?rest_route=%2Fwp%2Fv2%2Fmedia&parent=2549"}],"wp:term":[{"taxonomy":"category","embeddable":true,"href":"https:\/\/aecolos.edu.gov.pt\/index.php?rest_route=%2Fwp%2Fv2%2Fcategories&post=2549"},{"taxonomy":"post_tag","embeddable":true,"href":"https:\/\/aecolos.edu.gov.pt\/index.php?rest_route=%2Fwp%2Fv2%2Ftags&post=2549"}],"curies":[{"name":"wp","href":"https:\/\/api.w.org\/{rel}","templated":true}]}}