{"id":2437,"date":"2025-01-27T16:26:52","date_gmt":"2025-01-27T16:26:52","guid":{"rendered":"https:\/\/aecolos.edu.gov.pt\/?p=2437"},"modified":"2025-01-27T16:26:52","modified_gmt":"2025-01-27T16:26:52","slug":"sessao-de-sensibilizacao-sobre-a-violencia-no-namoro","status":"publish","type":"post","link":"https:\/\/aecolos.edu.gov.pt\/?p=2437","title":{"rendered":"Sess\u00e3o de sensibiliza\u00e7\u00e3o sobre a &#8220;Viol\u00eancia no Namoro&#8221;"},"content":{"rendered":"\n<div class=\"wp-block-media-text is-stacked-on-mobile\"><figure class=\"wp-block-media-text__media\"><img loading=\"lazy\" decoding=\"async\" width=\"1024\" height=\"472\" src=\"https:\/\/aecolos.edu.gov.pt\/wp-content\/uploads\/2025\/01\/IMG_20250116_123905-1024x472.jpg\" alt=\"\" class=\"wp-image-2438 size-full\" srcset=\"https:\/\/aecolos.edu.gov.pt\/wp-content\/uploads\/2025\/01\/IMG_20250116_123905-1024x472.jpg 1024w, https:\/\/aecolos.edu.gov.pt\/wp-content\/uploads\/2025\/01\/IMG_20250116_123905-300x138.jpg 300w, https:\/\/aecolos.edu.gov.pt\/wp-content\/uploads\/2025\/01\/IMG_20250116_123905-768x354.jpg 768w, https:\/\/aecolos.edu.gov.pt\/wp-content\/uploads\/2025\/01\/IMG_20250116_123905-1536x708.jpg 1536w, https:\/\/aecolos.edu.gov.pt\/wp-content\/uploads\/2025\/01\/IMG_20250116_123905-2048x944.jpg 2048w, https:\/\/aecolos.edu.gov.pt\/wp-content\/uploads\/2025\/01\/IMG_20250116_123905-200x92.jpg 200w\" sizes=\"auto, (max-width: 1024px) 100vw, 1024px\" \/><\/figure><div class=\"wp-block-media-text__content\">\n<p>No \u00e2mbito das atividades e tem\u00e1ticas de Cidadania e Desenvolvimento, a turma do 9\u00baA participou numa sess\u00e3o de sensibiliza\u00e7\u00e3o sobre a &#8220;Viol\u00eancia no Namoro&#8221;, no passado dia 16. Esta sess\u00e3o foi dinamizada por uma equipa da GNR, Destacamento Territorial de Odemira, integrada na oferta de atividades do Roteiro Ode.TE, &#8220;Odemira Previne&#8221;. A abordagem do tema foi bastante pertinente e elucidativa e os alunos participaram com quest\u00f5es e coment\u00e1rios.<\/p>\n<\/div><\/div>\n\n\n\n<p><\/p>\n","protected":false},"excerpt":{"rendered":"<p>No \u00e2mbito das atividades e tem\u00e1ticas de Cidadania e Desenvolvimento, a turma do 9\u00baA participou numa sess\u00e3o de sensibiliza\u00e7\u00e3o sobre a &#8220;Viol\u00eancia no Namoro&#8221;, no passado dia 16. Esta sess\u00e3o &#8230;<\/p>\n","protected":false},"author":1,"featured_media":2438,"comment_status":"open","ping_status":"open","sticky":false,"template":"","format":"standard","meta":{"pgc_sgb_lightbox_settings":"","footnotes":""},"categories":[48],"tags":[69],"class_list":["post-2437","post","type-post","status-publish","format-standard","has-post-thumbnail","hentry","category-atividades","tag-3o-ceb"],"_links":{"self":[{"href":"https:\/\/aecolos.edu.gov.pt\/index.php?rest_route=\/wp\/v2\/posts\/2437","targetHints":{"allow":["GET"]}}],"collection":[{"href":"https:\/\/aecolos.edu.gov.pt\/index.php?rest_route=\/wp\/v2\/posts"}],"about":[{"href":"https:\/\/aecolos.edu.gov.pt\/index.php?rest_route=\/wp\/v2\/types\/post"}],"author":[{"embeddable":true,"href":"https:\/\/aecolos.edu.gov.pt\/index.php?rest_route=\/wp\/v2\/users\/1"}],"replies":[{"embeddable":true,"href":"https:\/\/aecolos.edu.gov.pt\/index.php?rest_route=%2Fwp%2Fv2%2Fcomments&post=2437"}],"version-history":[{"count":1,"href":"https:\/\/aecolos.edu.gov.pt\/index.php?rest_route=\/wp\/v2\/posts\/2437\/revisions"}],"predecessor-version":[{"id":2439,"href":"https:\/\/aecolos.edu.gov.pt\/index.php?rest_route=\/wp\/v2\/posts\/2437\/revisions\/2439"}],"wp:featuredmedia":[{"embeddable":true,"href":"https:\/\/aecolos.edu.gov.pt\/index.php?rest_route=\/wp\/v2\/media\/2438"}],"wp:attachment":[{"href":"https:\/\/aecolos.edu.gov.pt\/index.php?rest_route=%2Fwp%2Fv2%2Fmedia&parent=2437"}],"wp:term":[{"taxonomy":"category","embeddable":true,"href":"https:\/\/aecolos.edu.gov.pt\/index.php?rest_route=%2Fwp%2Fv2%2Fcategories&post=2437"},{"taxonomy":"post_tag","embeddable":true,"href":"https:\/\/aecolos.edu.gov.pt\/index.php?rest_route=%2Fwp%2Fv2%2Ftags&post=2437"}],"curies":[{"name":"wp","href":"https:\/\/api.w.org\/{rel}","templated":true}]}}