{"id":2409,"date":"2025-01-23T16:11:39","date_gmt":"2025-01-23T16:11:39","guid":{"rendered":"https:\/\/aecolos.edu.gov.pt\/?p=2409"},"modified":"2025-01-24T11:16:48","modified_gmt":"2025-01-24T11:16:48","slug":"o-tempo-das-estrelas","status":"publish","type":"post","link":"https:\/\/aecolos.edu.gov.pt\/?p=2409","title":{"rendered":"O Tempo das Estrelas"},"content":{"rendered":"\n<p>Nos dias 21 e 22 de janeiro no AE Colos o Teatro S\u00f3, realizou um teatro\/oficina\u00a0 &#8220;O Tempo das Estrelas&#8221;. Um projeto que se situa entre o teatro e a oficina, um lugar experimental que procura explorar rela\u00e7\u00f5es entre objetos sonoros e visuais. Esta pe\u00e7a\/oficina foi destinada aos alunos do 2\u00ba ciclo e ao 7\u00ba ano tendo o balan\u00e7o sido bastante positivo.<\/p>\n\n\n\n<figure class=\"wp-block-gallery has-nested-images columns-default is-cropped wp-block-gallery-1 is-layout-flex wp-block-gallery-is-layout-flex\">\n<figure class=\"wp-block-image size-large\"><img loading=\"lazy\" decoding=\"async\" width=\"768\" height=\"1024\" data-id=\"2416\" src=\"https:\/\/aecolos.edu.gov.pt\/wp-content\/uploads\/2025\/01\/DB-foto-41-768x1024.jpg\" alt=\"\" class=\"wp-image-2416\" srcset=\"https:\/\/aecolos.edu.gov.pt\/wp-content\/uploads\/2025\/01\/DB-foto-41-768x1024.jpg 768w, https:\/\/aecolos.edu.gov.pt\/wp-content\/uploads\/2025\/01\/DB-foto-41-225x300.jpg 225w, https:\/\/aecolos.edu.gov.pt\/wp-content\/uploads\/2025\/01\/DB-foto-41-1152x1536.jpg 1152w, https:\/\/aecolos.edu.gov.pt\/wp-content\/uploads\/2025\/01\/DB-foto-41-1536x2048.jpg 1536w, https:\/\/aecolos.edu.gov.pt\/wp-content\/uploads\/2025\/01\/DB-foto-41-200x267.jpg 200w, https:\/\/aecolos.edu.gov.pt\/wp-content\/uploads\/2025\/01\/DB-foto-41-scaled.jpg 1920w\" sizes=\"auto, (max-width: 768px) 100vw, 768px\" \/><\/figure>\n\n\n\n<figure class=\"wp-block-image size-large\"><img loading=\"lazy\" decoding=\"async\" width=\"768\" height=\"1024\" data-id=\"2412\" src=\"https:\/\/aecolos.edu.gov.pt\/wp-content\/uploads\/2025\/01\/DB-foto-42-768x1024.jpg\" alt=\"\" class=\"wp-image-2412\" srcset=\"https:\/\/aecolos.edu.gov.pt\/wp-content\/uploads\/2025\/01\/DB-foto-42-768x1024.jpg 768w, https:\/\/aecolos.edu.gov.pt\/wp-content\/uploads\/2025\/01\/DB-foto-42-225x300.jpg 225w, https:\/\/aecolos.edu.gov.pt\/wp-content\/uploads\/2025\/01\/DB-foto-42-1152x1536.jpg 1152w, https:\/\/aecolos.edu.gov.pt\/wp-content\/uploads\/2025\/01\/DB-foto-42-1536x2048.jpg 1536w, https:\/\/aecolos.edu.gov.pt\/wp-content\/uploads\/2025\/01\/DB-foto-42-200x267.jpg 200w, https:\/\/aecolos.edu.gov.pt\/wp-content\/uploads\/2025\/01\/DB-foto-42-scaled.jpg 1920w\" sizes=\"auto, (max-width: 768px) 100vw, 768px\" \/><\/figure>\n\n\n\n<figure class=\"wp-block-image size-large\"><img loading=\"lazy\" decoding=\"async\" width=\"768\" height=\"1024\" data-id=\"2415\" src=\"https:\/\/aecolos.edu.gov.pt\/wp-content\/uploads\/2025\/01\/DB-foto-43-768x1024.jpg\" alt=\"\" class=\"wp-image-2415\" srcset=\"https:\/\/aecolos.edu.gov.pt\/wp-content\/uploads\/2025\/01\/DB-foto-43-768x1024.jpg 768w, https:\/\/aecolos.edu.gov.pt\/wp-content\/uploads\/2025\/01\/DB-foto-43-225x300.jpg 225w, https:\/\/aecolos.edu.gov.pt\/wp-content\/uploads\/2025\/01\/DB-foto-43-1152x1536.jpg 1152w, https:\/\/aecolos.edu.gov.pt\/wp-content\/uploads\/2025\/01\/DB-foto-43-1536x2048.jpg 1536w, https:\/\/aecolos.edu.gov.pt\/wp-content\/uploads\/2025\/01\/DB-foto-43-200x267.jpg 200w, https:\/\/aecolos.edu.gov.pt\/wp-content\/uploads\/2025\/01\/DB-foto-43-scaled.jpg 1920w\" sizes=\"auto, (max-width: 768px) 100vw, 768px\" \/><\/figure>\n\n\n\n<figure class=\"wp-block-image size-large\"><img loading=\"lazy\" decoding=\"async\" width=\"1024\" height=\"768\" data-id=\"2413\" src=\"https:\/\/aecolos.edu.gov.pt\/wp-content\/uploads\/2025\/01\/DB-foto-44-1024x768.jpg\" alt=\"\" class=\"wp-image-2413\" srcset=\"https:\/\/aecolos.edu.gov.pt\/wp-content\/uploads\/2025\/01\/DB-foto-44-1024x768.jpg 1024w, https:\/\/aecolos.edu.gov.pt\/wp-content\/uploads\/2025\/01\/DB-foto-44-300x225.jpg 300w, https:\/\/aecolos.edu.gov.pt\/wp-content\/uploads\/2025\/01\/DB-foto-44-768x576.jpg 768w, https:\/\/aecolos.edu.gov.pt\/wp-content\/uploads\/2025\/01\/DB-foto-44-1536x1152.jpg 1536w, https:\/\/aecolos.edu.gov.pt\/wp-content\/uploads\/2025\/01\/DB-foto-44-2048x1536.jpg 2048w, https:\/\/aecolos.edu.gov.pt\/wp-content\/uploads\/2025\/01\/DB-foto-44-200x150.jpg 200w\" sizes=\"auto, (max-width: 1024px) 100vw, 1024px\" \/><\/figure>\n\n\n\n<figure class=\"wp-block-image size-large\"><img loading=\"lazy\" decoding=\"async\" width=\"1024\" height=\"768\" data-id=\"2414\" src=\"https:\/\/aecolos.edu.gov.pt\/wp-content\/uploads\/2025\/01\/DB-foto-45-1024x768.jpg\" alt=\"\" class=\"wp-image-2414\" srcset=\"https:\/\/aecolos.edu.gov.pt\/wp-content\/uploads\/2025\/01\/DB-foto-45-1024x768.jpg 1024w, https:\/\/aecolos.edu.gov.pt\/wp-content\/uploads\/2025\/01\/DB-foto-45-300x225.jpg 300w, https:\/\/aecolos.edu.gov.pt\/wp-content\/uploads\/2025\/01\/DB-foto-45-768x576.jpg 768w, https:\/\/aecolos.edu.gov.pt\/wp-content\/uploads\/2025\/01\/DB-foto-45-1536x1152.jpg 1536w, https:\/\/aecolos.edu.gov.pt\/wp-content\/uploads\/2025\/01\/DB-foto-45-2048x1536.jpg 2048w, https:\/\/aecolos.edu.gov.pt\/wp-content\/uploads\/2025\/01\/DB-foto-45-200x150.jpg 200w\" sizes=\"auto, (max-width: 1024px) 100vw, 1024px\" \/><\/figure>\n\n\n\n<figure class=\"wp-block-image size-large\"><img loading=\"lazy\" decoding=\"async\" width=\"1024\" height=\"768\" data-id=\"2411\" src=\"https:\/\/aecolos.edu.gov.pt\/wp-content\/uploads\/2025\/01\/1000014507-1024x768.jpg\" alt=\"\" class=\"wp-image-2411\" srcset=\"https:\/\/aecolos.edu.gov.pt\/wp-content\/uploads\/2025\/01\/1000014507-1024x768.jpg 1024w, https:\/\/aecolos.edu.gov.pt\/wp-content\/uploads\/2025\/01\/1000014507-300x225.jpg 300w, https:\/\/aecolos.edu.gov.pt\/wp-content\/uploads\/2025\/01\/1000014507-768x576.jpg 768w, https:\/\/aecolos.edu.gov.pt\/wp-content\/uploads\/2025\/01\/1000014507-1536x1152.jpg 1536w, https:\/\/aecolos.edu.gov.pt\/wp-content\/uploads\/2025\/01\/1000014507-2048x1536.jpg 2048w, https:\/\/aecolos.edu.gov.pt\/wp-content\/uploads\/2025\/01\/1000014507-200x150.jpg 200w\" sizes=\"auto, (max-width: 1024px) 100vw, 1024px\" \/><\/figure>\n\n\n\n<figure class=\"wp-block-image size-large\"><img loading=\"lazy\" decoding=\"async\" width=\"1024\" height=\"768\" data-id=\"2410\" src=\"https:\/\/aecolos.edu.gov.pt\/wp-content\/uploads\/2025\/01\/1000014510-1024x768.jpg\" alt=\"\" class=\"wp-image-2410\" srcset=\"https:\/\/aecolos.edu.gov.pt\/wp-content\/uploads\/2025\/01\/1000014510-1024x768.jpg 1024w, https:\/\/aecolos.edu.gov.pt\/wp-content\/uploads\/2025\/01\/1000014510-300x225.jpg 300w, https:\/\/aecolos.edu.gov.pt\/wp-content\/uploads\/2025\/01\/1000014510-768x576.jpg 768w, https:\/\/aecolos.edu.gov.pt\/wp-content\/uploads\/2025\/01\/1000014510-1536x1152.jpg 1536w, https:\/\/aecolos.edu.gov.pt\/wp-content\/uploads\/2025\/01\/1000014510-2048x1536.jpg 2048w, https:\/\/aecolos.edu.gov.pt\/wp-content\/uploads\/2025\/01\/1000014510-200x150.jpg 200w\" sizes=\"auto, (max-width: 1024px) 100vw, 1024px\" \/><\/figure>\n<\/figure>\n","protected":false},"excerpt":{"rendered":"<p>Nos dias 21 e 22 de janeiro no AE Colos o Teatro S\u00f3, realizou um teatro\/oficina\u00a0 &#8220;O Tempo das Estrelas&#8221;. Um projeto que se situa entre o teatro e a &#8230;<\/p>\n","protected":false},"author":1,"featured_media":2411,"comment_status":"open","ping_status":"open","sticky":false,"template":"","format":"standard","meta":{"pgc_sgb_lightbox_settings":"","footnotes":""},"categories":[48],"tags":[70],"class_list":["post-2409","post","type-post","status-publish","format-standard","has-post-thumbnail","hentry","category-atividades","tag-2o-ceb"],"_links":{"self":[{"href":"https:\/\/aecolos.edu.gov.pt\/index.php?rest_route=\/wp\/v2\/posts\/2409","targetHints":{"allow":["GET"]}}],"collection":[{"href":"https:\/\/aecolos.edu.gov.pt\/index.php?rest_route=\/wp\/v2\/posts"}],"about":[{"href":"https:\/\/aecolos.edu.gov.pt\/index.php?rest_route=\/wp\/v2\/types\/post"}],"author":[{"embeddable":true,"href":"https:\/\/aecolos.edu.gov.pt\/index.php?rest_route=\/wp\/v2\/users\/1"}],"replies":[{"embeddable":true,"href":"https:\/\/aecolos.edu.gov.pt\/index.php?rest_route=%2Fwp%2Fv2%2Fcomments&post=2409"}],"version-history":[{"count":1,"href":"https:\/\/aecolos.edu.gov.pt\/index.php?rest_route=\/wp\/v2\/posts\/2409\/revisions"}],"predecessor-version":[{"id":2417,"href":"https:\/\/aecolos.edu.gov.pt\/index.php?rest_route=\/wp\/v2\/posts\/2409\/revisions\/2417"}],"wp:featuredmedia":[{"embeddable":true,"href":"https:\/\/aecolos.edu.gov.pt\/index.php?rest_route=\/wp\/v2\/media\/2411"}],"wp:attachment":[{"href":"https:\/\/aecolos.edu.gov.pt\/index.php?rest_route=%2Fwp%2Fv2%2Fmedia&parent=2409"}],"wp:term":[{"taxonomy":"category","embeddable":true,"href":"https:\/\/aecolos.edu.gov.pt\/index.php?rest_route=%2Fwp%2Fv2%2Fcategories&post=2409"},{"taxonomy":"post_tag","embeddable":true,"href":"https:\/\/aecolos.edu.gov.pt\/index.php?rest_route=%2Fwp%2Fv2%2Ftags&post=2409"}],"curies":[{"name":"wp","href":"https:\/\/api.w.org\/{rel}","templated":true}]}}