{"id":2393,"date":"2025-01-22T15:15:13","date_gmt":"2025-01-22T15:15:13","guid":{"rendered":"https:\/\/aecolos.edu.gov.pt\/?p=2393"},"modified":"2025-01-22T15:23:10","modified_gmt":"2025-01-22T15:23:10","slug":"exposicao-de-fotografia-paisagens-naturais-e-humanizadas","status":"publish","type":"post","link":"https:\/\/aecolos.edu.gov.pt\/?p=2393","title":{"rendered":"Exposi\u00e7\u00e3o de Fotografia: &#8220;Paisagens Naturais e Humanizadas&#8221;"},"content":{"rendered":"\n<p><em>Alunos do 7.\u00ba ano da Escola B\u00e1sica Aviador Brito Paes<\/em>, Agrupamento de Escolas de Colos, Concelho de Odemira<\/p>\n\n\n\n<p>A superf\u00edcie terrestre, tema central da disciplina de Geografia, apresenta uma ampla diversidade de paisagens, classificadas como naturais ou humanizadas. Com o objetivo de explorar e valorizar o territ\u00f3rio das freguesias onde os alunos residem, foi lan\u00e7ado um desafio \u00e0s turmas do 7.\u00ba ano da Escola B\u00e1sica Aviador Brito Paes: capturar imagens que ilustrassem estas duas dimens\u00f5es das paisagens.<\/p>\n\n\n\n<p>Esta iniciativa foi organizada e orientada pela professora Paula Rios Sousa, que acompanhou e apoiou os alunos ao longo de todo o processo.<\/p>\n\n\n\n<p>O resultado deste trabalho culmina na exposi\u00e7\u00e3o intitulada <strong>&#8220;Paisagens Naturais e Humanizadas&#8221;<\/strong>, que reflete a vis\u00e3o dos alunos sobre o equil\u00edbrio e a intera\u00e7\u00e3o entre o ambiente natural e as transforma\u00e7\u00f5es humanas no territ\u00f3rio que os rodeia.<\/p>\n\n\n\n<p><a href=\"https:\/\/aecolos.edu.gov.pt\/?page_id=2261\" data-type=\"page\" data-id=\"2261\"><strong>Clique aqui<\/strong><\/a> para visitar a galeria da exposi\u00e7\u00e3o &#8220;Paisagens Naturais e Humanizadas&#8221;.<\/p>\n","protected":false},"excerpt":{"rendered":"<p>Alunos do 7.\u00ba ano da Escola B\u00e1sica Aviador Brito Paes, Agrupamento de Escolas de Colos, Concelho de Odemira A superf\u00edcie terrestre, tema central da disciplina de Geografia, apresenta uma ampla &#8230;<\/p>\n","protected":false},"author":1,"featured_media":2292,"comment_status":"open","ping_status":"open","sticky":false,"template":"","format":"standard","meta":{"pgc_sgb_lightbox_settings":"","footnotes":""},"categories":[48],"tags":[69],"class_list":["post-2393","post","type-post","status-publish","format-standard","has-post-thumbnail","hentry","category-atividades","tag-3o-ceb"],"_links":{"self":[{"href":"https:\/\/aecolos.edu.gov.pt\/index.php?rest_route=\/wp\/v2\/posts\/2393","targetHints":{"allow":["GET"]}}],"collection":[{"href":"https:\/\/aecolos.edu.gov.pt\/index.php?rest_route=\/wp\/v2\/posts"}],"about":[{"href":"https:\/\/aecolos.edu.gov.pt\/index.php?rest_route=\/wp\/v2\/types\/post"}],"author":[{"embeddable":true,"href":"https:\/\/aecolos.edu.gov.pt\/index.php?rest_route=\/wp\/v2\/users\/1"}],"replies":[{"embeddable":true,"href":"https:\/\/aecolos.edu.gov.pt\/index.php?rest_route=%2Fwp%2Fv2%2Fcomments&post=2393"}],"version-history":[{"count":3,"href":"https:\/\/aecolos.edu.gov.pt\/index.php?rest_route=\/wp\/v2\/posts\/2393\/revisions"}],"predecessor-version":[{"id":2399,"href":"https:\/\/aecolos.edu.gov.pt\/index.php?rest_route=\/wp\/v2\/posts\/2393\/revisions\/2399"}],"wp:featuredmedia":[{"embeddable":true,"href":"https:\/\/aecolos.edu.gov.pt\/index.php?rest_route=\/wp\/v2\/media\/2292"}],"wp:attachment":[{"href":"https:\/\/aecolos.edu.gov.pt\/index.php?rest_route=%2Fwp%2Fv2%2Fmedia&parent=2393"}],"wp:term":[{"taxonomy":"category","embeddable":true,"href":"https:\/\/aecolos.edu.gov.pt\/index.php?rest_route=%2Fwp%2Fv2%2Fcategories&post=2393"},{"taxonomy":"post_tag","embeddable":true,"href":"https:\/\/aecolos.edu.gov.pt\/index.php?rest_route=%2Fwp%2Fv2%2Ftags&post=2393"}],"curies":[{"name":"wp","href":"https:\/\/api.w.org\/{rel}","templated":true}]}}