{"id":1966,"date":"2024-11-19T12:03:04","date_gmt":"2024-11-19T12:03:04","guid":{"rendered":"https:\/\/aecolos.edu.gov.pt\/?p=1966"},"modified":"2025-03-06T12:19:26","modified_gmt":"2025-03-06T12:19:26","slug":"dia-mundial-da-alimentacao-na-pre-escolar","status":"publish","type":"post","link":"https:\/\/aecolos.edu.gov.pt\/?p=1966","title":{"rendered":"Dia Mundial da Alimenta\u00e7\u00e3o na Educa\u00e7\u00e3o Pr\u00e9-Escolar"},"content":{"rendered":"\n<div class=\"wp-block-media-text is-stacked-on-mobile\"><figure class=\"wp-block-media-text__media\"><img loading=\"lazy\" decoding=\"async\" width=\"768\" height=\"1024\" src=\"https:\/\/aecolos.edu.gov.pt\/wp-content\/uploads\/2024\/11\/Imagem-WhatsApp-2024-11-12-as-20.50.02_3c12b931-1-768x1024.jpg\" alt=\"\" class=\"wp-image-1968 size-full\" srcset=\"https:\/\/aecolos.edu.gov.pt\/wp-content\/uploads\/2024\/11\/Imagem-WhatsApp-2024-11-12-as-20.50.02_3c12b931-1-768x1024.jpg 768w, https:\/\/aecolos.edu.gov.pt\/wp-content\/uploads\/2024\/11\/Imagem-WhatsApp-2024-11-12-as-20.50.02_3c12b931-1-225x300.jpg 225w, https:\/\/aecolos.edu.gov.pt\/wp-content\/uploads\/2024\/11\/Imagem-WhatsApp-2024-11-12-as-20.50.02_3c12b931-1-1152x1536.jpg 1152w, https:\/\/aecolos.edu.gov.pt\/wp-content\/uploads\/2024\/11\/Imagem-WhatsApp-2024-11-12-as-20.50.02_3c12b931-1-200x267.jpg 200w, https:\/\/aecolos.edu.gov.pt\/wp-content\/uploads\/2024\/11\/Imagem-WhatsApp-2024-11-12-as-20.50.02_3c12b931-1.jpg 1200w\" sizes=\"auto, (max-width: 768px) 100vw, 768px\" \/><\/figure><div class=\"wp-block-media-text__content\">\n<p>As turmas do pr\u00e9-escolar comemoraram o Dia Mundial da Alimenta\u00e7\u00e3o com uma s\u00e9rie de atividades educativas e criativas. <\/p>\n\n\n\n<p>As crian\u00e7as participaram na confe\u00e7\u00e3o de espetadas de frutas, explorando diferentes sabores e promovendo h\u00e1bitos alimentares saud\u00e1veis. <\/p>\n\n\n\n<p>Al\u00e9m disso, realizaram atividades de artes visuais relacionadas com o tema, utilizando a criatividade para ilustrar alimentos e a import\u00e2ncia de uma alimenta\u00e7\u00e3o equilibrada. <\/p>\n\n\n\n<p>Foi um dia repleto de aprendizagem e divers\u00e3o, que refor\u00e7ou a mensagem da import\u00e2ncia de escolhas alimentares saud\u00e1veis desde cedo.<\/p>\n<\/div><\/div>\n\n\n\n<div class=\"wp-block-media-text is-stacked-on-mobile\"><figure class=\"wp-block-media-text__media\"><img loading=\"lazy\" decoding=\"async\" width=\"1024\" height=\"771\" src=\"https:\/\/aecolos.edu.gov.pt\/wp-content\/uploads\/2024\/11\/Imagem-WhatsApp-2024-10-16-as-18.57.03_387f7280-1024x771.jpg\" alt=\"\" class=\"wp-image-1967 size-full\" srcset=\"https:\/\/aecolos.edu.gov.pt\/wp-content\/uploads\/2024\/11\/Imagem-WhatsApp-2024-10-16-as-18.57.03_387f7280-1024x771.jpg 1024w, https:\/\/aecolos.edu.gov.pt\/wp-content\/uploads\/2024\/11\/Imagem-WhatsApp-2024-10-16-as-18.57.03_387f7280-300x226.jpg 300w, https:\/\/aecolos.edu.gov.pt\/wp-content\/uploads\/2024\/11\/Imagem-WhatsApp-2024-10-16-as-18.57.03_387f7280-768x578.jpg 768w, https:\/\/aecolos.edu.gov.pt\/wp-content\/uploads\/2024\/11\/Imagem-WhatsApp-2024-10-16-as-18.57.03_387f7280-1536x1156.jpg 1536w, https:\/\/aecolos.edu.gov.pt\/wp-content\/uploads\/2024\/11\/Imagem-WhatsApp-2024-10-16-as-18.57.03_387f7280-200x151.jpg 200w, https:\/\/aecolos.edu.gov.pt\/wp-content\/uploads\/2024\/11\/Imagem-WhatsApp-2024-10-16-as-18.57.03_387f7280.jpg 1600w\" sizes=\"auto, (max-width: 1024px) 100vw, 1024px\" \/><\/figure><div class=\"wp-block-media-text__content\">\n<p><\/p>\n<\/div><\/div>\n","protected":false},"excerpt":{"rendered":"<p>As turmas do pr\u00e9-escolar comemoraram o Dia Mundial da Alimenta\u00e7\u00e3o com uma s\u00e9rie de atividades educativas e criativas. As crian\u00e7as participaram na confe\u00e7\u00e3o de espetadas de frutas, explorando diferentes sabores &#8230;<\/p>\n","protected":false},"author":7,"featured_media":1968,"comment_status":"open","ping_status":"open","sticky":false,"template":"","format":"standard","meta":{"pgc_sgb_lightbox_settings":"","footnotes":""},"categories":[48],"tags":[66],"class_list":["post-1966","post","type-post","status-publish","format-standard","has-post-thumbnail","hentry","category-atividades","tag-pre-escolar"],"_links":{"self":[{"href":"https:\/\/aecolos.edu.gov.pt\/index.php?rest_route=\/wp\/v2\/posts\/1966","targetHints":{"allow":["GET"]}}],"collection":[{"href":"https:\/\/aecolos.edu.gov.pt\/index.php?rest_route=\/wp\/v2\/posts"}],"about":[{"href":"https:\/\/aecolos.edu.gov.pt\/index.php?rest_route=\/wp\/v2\/types\/post"}],"author":[{"embeddable":true,"href":"https:\/\/aecolos.edu.gov.pt\/index.php?rest_route=\/wp\/v2\/users\/7"}],"replies":[{"embeddable":true,"href":"https:\/\/aecolos.edu.gov.pt\/index.php?rest_route=%2Fwp%2Fv2%2Fcomments&post=1966"}],"version-history":[{"count":2,"href":"https:\/\/aecolos.edu.gov.pt\/index.php?rest_route=\/wp\/v2\/posts\/1966\/revisions"}],"predecessor-version":[{"id":2690,"href":"https:\/\/aecolos.edu.gov.pt\/index.php?rest_route=\/wp\/v2\/posts\/1966\/revisions\/2690"}],"wp:featuredmedia":[{"embeddable":true,"href":"https:\/\/aecolos.edu.gov.pt\/index.php?rest_route=\/wp\/v2\/media\/1968"}],"wp:attachment":[{"href":"https:\/\/aecolos.edu.gov.pt\/index.php?rest_route=%2Fwp%2Fv2%2Fmedia&parent=1966"}],"wp:term":[{"taxonomy":"category","embeddable":true,"href":"https:\/\/aecolos.edu.gov.pt\/index.php?rest_route=%2Fwp%2Fv2%2Fcategories&post=1966"},{"taxonomy":"post_tag","embeddable":true,"href":"https:\/\/aecolos.edu.gov.pt\/index.php?rest_route=%2Fwp%2Fv2%2Ftags&post=1966"}],"curies":[{"name":"wp","href":"https:\/\/api.w.org\/{rel}","templated":true}]}}